{"id":15562,"date":"2023-03-24T17:40:57","date_gmt":"2023-03-24T23:40:57","guid":{"rendered":"http:\/\/fge.oaxaca.gob.mx\/?post_type=noticias&amp;p=4914"},"modified":"2023-03-24T17:40:57","modified_gmt":"2023-03-24T23:40:57","slug":"ejecuta-fiscalia-de-oaxaca-orden-de-aprehension-contra-dos-personas-por-homicidio-de-ciclista-cometido-en-carretera-a-monte-alban","status":"publish","type":"noticias","link":"https:\/\/portal.fgeo.gob.mx\/index.php\/archivos\/noticias\/ejecuta-fiscalia-de-oaxaca-orden-de-aprehension-contra-dos-personas-por-homicidio-de-ciclista-cometido-en-carretera-a-monte-alban","title":{"rendered":"Ejecuta Fiscal\u00eda de Oaxaca orden de aprehensi\u00f3n contra dos personas, por homicidio de ciclista cometido en carretera a Monte Alb\u00e1n"},"content":{"rendered":"<p style=\"font-weight: 400; text-align: justify;\"><strong>Oaxaca de Ju\u00e1rez, Oax., a 24 de marzo de 2023.-\u00a0<\/strong>Como resultado del trabajo de investigaci\u00f3n expedito y con estricto apego a la ley, la Fiscal\u00eda General del Estado de Oaxaca (FGEO) ejecut\u00f3 \u00f3rdenes de aprehensi\u00f3n en contra de dos personas del sexo masculino identificadas por las iniciales V. M. M. P. y J. F. R. A., por los delitos de Homicidio Calificado y Robo Calificado con Violencia cometidos en la carretera que conduce a Monte Alb\u00e1n.<\/p>\n<p style=\"font-weight: 400; text-align: justify;\">De acuerdo con la carpeta de investigaci\u00f3n que la FGEO inici\u00f3 por el caso, los hechos ocurrieron la madrugada del 17 de marzo de 2023, cuando la v\u00edctima identificada como A. R. E., se desplazaba a bordo de una bicicleta sobre la carretera nueva a Monte Alb\u00e1n, en inmediaciones de la desviaci\u00f3n a San Pedro Ixtlahuaca, en la colonia la Ilusi\u00f3n de Santa Mar\u00eda Atzompa, cuando fue v\u00edctima de robo, adem\u00e1s de recibir una agresi\u00f3n con armas de fuego, que lo privaron de la vida.<\/p>\n<p style=\"font-weight: 400; text-align: justify;\">Ante ello, la FGEO tom\u00f3 conocimiento de los hechos, a trav\u00e9s de la Fiscal\u00eda Especializada para la Atenci\u00f3n a Delitos de Alto Impacto que atrajo el caso y present\u00f3 a los imputados ante el Juez que atiende la causa, quien consider\u00f3 que los elementos eran suficientes para calificar como legal la detenci\u00f3n contra V. M. M. P. y J. F. R. A., quienes recibieron la medida de prisi\u00f3n preventiva, adem\u00e1s que se acogieron a la duplicidad del t\u00e9rmino constitucional y se determin\u00f3 que la audiencia de vinculaci\u00f3n a proceso se realizar\u00e1 el 29 de marzo de 2023.<\/p>\n<p style=\"font-weight: 400; text-align: justify;\">La actuaci\u00f3n inmediata y las investigaciones rigurosas permiten que la Fiscal\u00eda de Oaxaca obtenga resultados favorables para las v\u00edctimas en el proceso de procuraci\u00f3n\u00a0de\u00a0justicia.<\/p>\n","protected":false},"author":1,"featured_media":3175,"comment_status":"closed","ping_status":"closed","template":"","tags":[],"categoria_noticias":[],"class_list":["post-15562","noticias","type-noticias","status-publish","has-post-thumbnail","hentry"],"acf":[],"mb":[],"mfb_rest_fields":["title","gutenberg_elementor_mode"],"_links":{"self":[{"href":"https:\/\/portal.fgeo.gob.mx\/index.php\/wp-json\/wp\/v2\/noticias\/15562","targetHints":{"allow":["GET"]}}],"collection":[{"href":"https:\/\/portal.fgeo.gob.mx\/index.php\/wp-json\/wp\/v2\/noticias"}],"about":[{"href":"https:\/\/portal.fgeo.gob.mx\/index.php\/wp-json\/wp\/v2\/types\/noticias"}],"author":[{"embeddable":true,"href":"https:\/\/portal.fgeo.gob.mx\/index.php\/wp-json\/wp\/v2\/users\/1"}],"replies":[{"embeddable":true,"href":"https:\/\/portal.fgeo.gob.mx\/index.php\/wp-json\/wp\/v2\/comments?post=15562"}],"wp:featuredmedia":[{"embeddable":true,"href":"https:\/\/portal.fgeo.gob.mx\/index.php\/wp-json\/"}],"wp:attachment":[{"href":"https:\/\/portal.fgeo.gob.mx\/index.php\/wp-json\/wp\/v2\/media?parent=15562"}],"wp:term":[{"taxonomy":"post_tag","embeddable":true,"href":"https:\/\/portal.fgeo.gob.mx\/index.php\/wp-json\/wp\/v2\/tags?post=15562"},{"taxonomy":"categoria_noticias","embeddable":true,"href":"https:\/\/portal.fgeo.gob.mx\/index.php\/wp-json\/wp\/v2\/categoria_noticias?post=15562"}],"curies":[{"name":"wp","href":"https:\/\/api.w.org\/{rel}","templated":true}]}}