{"id":15561,"date":"2023-03-22T14:46:52","date_gmt":"2023-03-22T20:46:52","guid":{"rendered":"http:\/\/fge.oaxaca.gob.mx\/?post_type=noticias&amp;p=4911"},"modified":"2023-03-22T14:46:52","modified_gmt":"2023-03-22T20:46:52","slug":"investiga-fiscalia-de-oaxaca-homicidio-ocurrido-en-amoltepec","status":"publish","type":"noticias","link":"https:\/\/portal.fgeo.gob.mx\/index.php\/archivos\/noticias\/investiga-fiscalia-de-oaxaca-homicidio-ocurrido-en-amoltepec","title":{"rendered":"Investiga Fiscal\u00eda de Oaxaca homicidio ocurrido en Amoltepec"},"content":{"rendered":"<p style=\"font-weight: 400; text-align: justify;\"><strong>Oaxaca de Ju\u00e1rez, Oax., a 22 de marzo de 2023.- \u00a0<\/strong>La Fiscal\u00eda General del Estado de Oaxaca (FGEO) inici\u00f3 una carpeta de investigaci\u00f3n ante el homicidio de una persona del sexo masculino identificada bajo las iniciales O.T.J., ocurrido en Santiago Amoltepec.<\/p>\n<p style=\"font-weight: 400; text-align: justify;\">De acuerdo con las primeras indagatorias, el hecho ocurri\u00f3 alrededor de las 8:30 horas de este mi\u00e9rcoles, cuando la v\u00edctima circulaba en su veh\u00edculo en el paraje Loma de la Cruz, de la Agencia Barranca Honda, perteneciente al municipio antes mencionado, cuando fue privado de la vida con disparos de arma de fuego.<\/p>\n<p style=\"font-weight: 400; text-align: justify;\">Ante ello, un equipo multidisciplinario de la Fiscal\u00eda de Oaxaca, consistente en peritos, Agentes Estatales de Investigaci\u00f3n (AEI) y ministerio p\u00fablico, se traslad\u00f3 al paraje para llevar a cabo las diligencias jur\u00eddicas y cient\u00edficas correspondientes.<\/p>\n<p style=\"font-weight: 400; text-align: justify;\">La Fiscal\u00eda de Oaxaca reitera el compromiso de esclarecer los delitos de alto impacto, procurando justicia para las v\u00edctimas directas\u00a0e\u00a0indirectas.<\/p>\n","protected":false},"author":1,"featured_media":3175,"comment_status":"closed","ping_status":"closed","template":"","tags":[],"categoria_noticias":[],"class_list":["post-15561","noticias","type-noticias","status-publish","has-post-thumbnail","hentry"],"acf":[],"mb":[],"mfb_rest_fields":["title","gutenberg_elementor_mode"],"_links":{"self":[{"href":"https:\/\/portal.fgeo.gob.mx\/index.php\/wp-json\/wp\/v2\/noticias\/15561","targetHints":{"allow":["GET"]}}],"collection":[{"href":"https:\/\/portal.fgeo.gob.mx\/index.php\/wp-json\/wp\/v2\/noticias"}],"about":[{"href":"https:\/\/portal.fgeo.gob.mx\/index.php\/wp-json\/wp\/v2\/types\/noticias"}],"author":[{"embeddable":true,"href":"https:\/\/portal.fgeo.gob.mx\/index.php\/wp-json\/wp\/v2\/users\/1"}],"replies":[{"embeddable":true,"href":"https:\/\/portal.fgeo.gob.mx\/index.php\/wp-json\/wp\/v2\/comments?post=15561"}],"wp:featuredmedia":[{"embeddable":true,"href":"https:\/\/portal.fgeo.gob.mx\/index.php\/wp-json\/"}],"wp:attachment":[{"href":"https:\/\/portal.fgeo.gob.mx\/index.php\/wp-json\/wp\/v2\/media?parent=15561"}],"wp:term":[{"taxonomy":"post_tag","embeddable":true,"href":"https:\/\/portal.fgeo.gob.mx\/index.php\/wp-json\/wp\/v2\/tags?post=15561"},{"taxonomy":"categoria_noticias","embeddable":true,"href":"https:\/\/portal.fgeo.gob.mx\/index.php\/wp-json\/wp\/v2\/categoria_noticias?post=15561"}],"curies":[{"name":"wp","href":"https:\/\/api.w.org\/{rel}","templated":true}]}}