{"id":15556,"date":"2023-03-15T16:28:00","date_gmt":"2023-03-15T22:28:00","guid":{"rendered":"http:\/\/fge.oaxaca.gob.mx\/?post_type=noticias&amp;p=4905"},"modified":"2023-03-15T16:28:00","modified_gmt":"2023-03-15T22:28:00","slug":"nombra-fiscal-de-oaxaca-bernardo-rodriguez-alamilla-a-titular-de-fiscalia-especializada-para-la-atencion-a-delitos-contra-la-mujer-por-razon-de-genero","status":"publish","type":"noticias","link":"https:\/\/portal.fgeo.gob.mx\/index.php\/archivos\/noticias\/nombra-fiscal-de-oaxaca-bernardo-rodriguez-alamilla-a-titular-de-fiscalia-especializada-para-la-atencion-a-delitos-contra-la-mujer-por-razon-de-genero","title":{"rendered":"Nombra Fiscal de Oaxaca, Bernardo Rodr\u00edguez Alamilla, a titular de Fiscal\u00eda Especializada para la Atenci\u00f3n a Delitos Contra la Mujer por Raz\u00f3n de G\u00e9nero"},"content":{"rendered":"<p style=\"font-weight: 400; text-align: justify;\"><strong>Oaxaca de Ju\u00e1rez, Oax., a 15 de marzo de 2023.-\u00a0<\/strong>El Fiscal General de Oaxaca (FGEO), Bernardo Rodr\u00edguez Alamilla, tom\u00f3 protesta como Fiscal Especializada para la Atenci\u00f3n a Delitos Contra la Mujer por Raz\u00f3n de G\u00e9nero, a Margarita Guzm\u00e1n Corsi, quien cuenta con amplia experiencia en la instituci\u00f3n en la que se ha desempe\u00f1ado en diferentes \u00e1reas.<\/p>\n<p style=\"font-weight: 400; text-align: justify;\">Rodr\u00edguez Alamilla convoc\u00f3 a Guzm\u00e1n Corsi a realizar este nuevo encargo con perspectiva de g\u00e9nero, derechos humanos y victimol\u00f3gica, adem\u00e1s de tener la sensibilidad que requiere el puesto, al brindar atenci\u00f3n a v\u00edctimas de delitos en contra de las mujeres.<\/p>\n<p style=\"font-weight: 400; text-align: justify;\">\u201cLas exigencias sociales nos obligan a que la atenci\u00f3n de delitos de g\u00e9nero contra las mujeres sea una prioridad de la Fiscal\u00eda, para contribuir a la erradicaci\u00f3n de los distintos tipos de violencias, por lo que est\u00e1 en proceso en la instituci\u00f3n, una reingenier\u00eda de las \u00e1reas que atienden la problem\u00e1tica y hoy damos un paso importante para alcanzar ese objetivo\u201d, puntualiz\u00f3 el Fiscal General.<\/p>\n<p style=\"font-weight: 400; text-align: justify;\">Guzm\u00e1n Corsi es licenciada en Derecho por la Universidad Regional del Sureste, adem\u00e1s de contar con el grado de maestr\u00eda en Ciencias Jur\u00eddico Penales, que obtuvo por el Instituto Nacional de Ciencias Penales.<\/p>\n<p style=\"font-weight: 400; text-align: justify;\">Antes de tomar protesta en su nuevo encargo, Margarita Guzm\u00e1n Corsi se desempe\u00f1aba como Vicefiscal General de Control Regional; mientras que entre 2019 y 2021 fue Agente del Ministerio Coordinadora de la Unidad de delitos contra la Mujer por raz\u00f3n de G\u00e9nero de la Regi\u00f3n del Istmo.<\/p>\n<p style=\"font-weight: 400; text-align: justify;\">Su trayectoria dentro de la FGEO inici\u00f3 en febrero de 2011, cuando fue meritoria en la extinta Subprocuradur\u00eda General Zona Norte del Estado\u00a0de\u00a0Oaxaca, as\u00ed tambi\u00e9n fungi\u00f3 como abogada litigante en distintos despachos.<\/p>\n","protected":false},"author":1,"featured_media":3175,"comment_status":"closed","ping_status":"closed","template":"","tags":[],"categoria_noticias":[],"class_list":["post-15556","noticias","type-noticias","status-publish","has-post-thumbnail","hentry"],"acf":[],"mb":[],"mfb_rest_fields":["title","gutenberg_elementor_mode"],"_links":{"self":[{"href":"https:\/\/portal.fgeo.gob.mx\/index.php\/wp-json\/wp\/v2\/noticias\/15556","targetHints":{"allow":["GET"]}}],"collection":[{"href":"https:\/\/portal.fgeo.gob.mx\/index.php\/wp-json\/wp\/v2\/noticias"}],"about":[{"href":"https:\/\/portal.fgeo.gob.mx\/index.php\/wp-json\/wp\/v2\/types\/noticias"}],"author":[{"embeddable":true,"href":"https:\/\/portal.fgeo.gob.mx\/index.php\/wp-json\/wp\/v2\/users\/1"}],"replies":[{"embeddable":true,"href":"https:\/\/portal.fgeo.gob.mx\/index.php\/wp-json\/wp\/v2\/comments?post=15556"}],"wp:featuredmedia":[{"embeddable":true,"href":"https:\/\/portal.fgeo.gob.mx\/index.php\/wp-json\/"}],"wp:attachment":[{"href":"https:\/\/portal.fgeo.gob.mx\/index.php\/wp-json\/wp\/v2\/media?parent=15556"}],"wp:term":[{"taxonomy":"post_tag","embeddable":true,"href":"https:\/\/portal.fgeo.gob.mx\/index.php\/wp-json\/wp\/v2\/tags?post=15556"},{"taxonomy":"categoria_noticias","embeddable":true,"href":"https:\/\/portal.fgeo.gob.mx\/index.php\/wp-json\/wp\/v2\/categoria_noticias?post=15556"}],"curies":[{"name":"wp","href":"https:\/\/api.w.org\/{rel}","templated":true}]}}