{"id":15555,"date":"2023-03-15T13:56:38","date_gmt":"2023-03-15T19:56:38","guid":{"rendered":"http:\/\/fge.oaxaca.gob.mx\/?post_type=noticias&amp;p=4904"},"modified":"2023-03-15T13:56:38","modified_gmt":"2023-03-15T19:56:38","slug":"director-de-centro-contra-las-adicciones-shalom-en-prision-preventiva-y-vinculado-a-proceso-por-violacion-de-adolescente-fiscalia-de-oaxaca","status":"publish","type":"noticias","link":"https:\/\/portal.fgeo.gob.mx\/index.php\/archivos\/noticias\/director-de-centro-contra-las-adicciones-shalom-en-prision-preventiva-y-vinculado-a-proceso-por-violacion-de-adolescente-fiscalia-de-oaxaca","title":{"rendered":"Director de Centro contra las Adicciones \u201cShalom\u201d, en prisi\u00f3n preventiva y vinculado a proceso, por violaci\u00f3n de adolescente: Fiscal\u00eda de Oaxaca"},"content":{"rendered":"<p style=\"font-weight: 400; text-align: justify;\"><strong>Oaxaca de Ju\u00e1rez, Oax., a 15 de marzo de 2023<\/strong>.- La Fiscal\u00eda General del Estado de Oaxaca (FGEO) obtuvo vinculaci\u00f3n a proceso contra un hombre identificado por las iniciales G. J. M. L., por el delito de violaci\u00f3n agravada en que la v\u00edctima es una adolescente, cometido cuando el imputado se desempe\u00f1aba como director del Centro de Intervenci\u00f3n Integral Contra las Adicciones \u201cShalom, Misi\u00f3n Divina\u201d, lugar en el que ocurrieron los hechos.<\/p>\n<p style=\"font-weight: 400; text-align: justify;\">De acuerdo con las investigaciones realizadas por la FGEO, a trav\u00e9s de la Fiscal\u00eda Especializada para la Atenci\u00f3n a Delitos Contra la Mujer por Raz\u00f3n de G\u00e9nero, el delito se configur\u00f3 en distintas ocasiones durante 2022, cuando la v\u00edctima contaba con 14 a\u00f1os de edad y estaba ingresada en dicho establecimiento.<\/p>\n<p style=\"font-weight: 400; text-align: justify;\">Luego de denunciar los hechos y tras aportar pruebas contra del imputado, la Fiscal\u00eda obtuvo la orden de aprehensi\u00f3n que se ejecut\u00f3 en contra de G. J. M. L., quien fue presentado ante el Juez que atiende la causa, que determin\u00f3 vincularlo a proceso, adem\u00e1s que impuso prisi\u00f3n preventiva y otorg\u00f3 dos meses para el cierre de las investigaciones.<\/p>\n<p style=\"font-weight: 400; text-align: justify;\">La Fiscal\u00eda de Oaxaca pone especial atenci\u00f3n a delitos cometidos en contra de ni\u00f1as, adolescentes y mujeres, principalmente cuando se trata de agresiones sexuales, por lo que se brinda atenci\u00f3n integral a la v\u00edctima directa as\u00ed como a las v\u00edctimas indirectas para que tengan acceso pleno\u00a0a\u00a0la\u00a0justicia.<\/p>\n","protected":false},"author":1,"featured_media":3175,"comment_status":"closed","ping_status":"closed","template":"","tags":[],"categoria_noticias":[],"class_list":["post-15555","noticias","type-noticias","status-publish","has-post-thumbnail","hentry"],"acf":[],"mb":[],"mfb_rest_fields":["title","gutenberg_elementor_mode"],"_links":{"self":[{"href":"https:\/\/portal.fgeo.gob.mx\/index.php\/wp-json\/wp\/v2\/noticias\/15555","targetHints":{"allow":["GET"]}}],"collection":[{"href":"https:\/\/portal.fgeo.gob.mx\/index.php\/wp-json\/wp\/v2\/noticias"}],"about":[{"href":"https:\/\/portal.fgeo.gob.mx\/index.php\/wp-json\/wp\/v2\/types\/noticias"}],"author":[{"embeddable":true,"href":"https:\/\/portal.fgeo.gob.mx\/index.php\/wp-json\/wp\/v2\/users\/1"}],"replies":[{"embeddable":true,"href":"https:\/\/portal.fgeo.gob.mx\/index.php\/wp-json\/wp\/v2\/comments?post=15555"}],"wp:featuredmedia":[{"embeddable":true,"href":"https:\/\/portal.fgeo.gob.mx\/index.php\/wp-json\/"}],"wp:attachment":[{"href":"https:\/\/portal.fgeo.gob.mx\/index.php\/wp-json\/wp\/v2\/media?parent=15555"}],"wp:term":[{"taxonomy":"post_tag","embeddable":true,"href":"https:\/\/portal.fgeo.gob.mx\/index.php\/wp-json\/wp\/v2\/tags?post=15555"},{"taxonomy":"categoria_noticias","embeddable":true,"href":"https:\/\/portal.fgeo.gob.mx\/index.php\/wp-json\/wp\/v2\/categoria_noticias?post=15555"}],"curies":[{"name":"wp","href":"https:\/\/api.w.org\/{rel}","templated":true}]}}