{"id":15551,"date":"2023-03-11T12:34:41","date_gmt":"2023-03-11T18:34:41","guid":{"rendered":"http:\/\/fge.oaxaca.gob.mx\/?post_type=noticias&amp;p=4898"},"modified":"2023-03-11T12:34:41","modified_gmt":"2023-03-11T18:34:41","slug":"investiga-fiscalia-de-oaxaca-bajo-protocolo-de-feminicidio-dos-muertes-violentas-de-mujeres-ocurridas-en-salina-cruz","status":"publish","type":"noticias","link":"https:\/\/portal.fgeo.gob.mx\/index.php\/archivos\/noticias\/investiga-fiscalia-de-oaxaca-bajo-protocolo-de-feminicidio-dos-muertes-violentas-de-mujeres-ocurridas-en-salina-cruz","title":{"rendered":"Investiga Fiscal\u00eda de Oaxaca, bajo protocolo de feminicidio, dos muertes violentas de mujeres ocurridas en Salina Cruz"},"content":{"rendered":"<p style=\"font-weight: 400; text-align: justify;\"><strong>Oaxaca de Ju\u00e1rez, Oax., a 11 de marzo de 2023.- \u00a0<\/strong>La Fiscal\u00eda General del Estado de Oaxaca (FGEO) inici\u00f3 dos carpetas, bajo Protocolo de Investigaci\u00f3n Ministerial, Policial y Pericial del Delito de Feminicidio, luego de la muerte violenta de dos mujeres en Salina Cruz, en hechos distintos ocurridos el 10 y 11 de marzo.<\/p>\n<p style=\"font-weight: 400; text-align: justify;\">En un primer caso, la Vicefiscal\u00eda del Istmo, con la intervenci\u00f3n de la Unidad Especializada en Delitos contra la Mujer por Raz\u00f3n de G\u00e9nero y la Agencia Estatal de Investigaciones (AEI), tomaron conocimiento del delito ocurrido en la colonia Cuauht\u00e9moc, Salina Cruz, cometido contra la v\u00edctima identificada por las iniciales V.A.L.R, la noche del 10 de marzo.<\/p>\n<p style=\"font-weight: 400; text-align: justify;\">De acuerdo con las investigaciones iniciales, la v\u00edctima fue privada de la vida por hombres armados, mientras abordaba su camioneta que se encontraba estacionada en un lava autos. Ante ello, la FGEO acudi\u00f3 con un equipo de atenci\u00f3n multidisciplinario para realizar las indagatorias correspondientes.<\/p>\n<p style=\"font-weight: 400; text-align: justify;\">En un segundo hecho, personal especializado de la Vicefiscal\u00eda del Istmo, la Unidad de G\u00e9nero y AEI, realizaron las primeras investigaciones respecto al delito cometido contra la v\u00edctima identificada por las iniciales J.A.M.R, ocurrido en la localidad de Ensenada La Ventosa, Salina Cruz.<\/p>\n<p style=\"font-weight: 400; text-align: justify;\">Personal especializado de la Fiscal\u00eda llev\u00f3 a cabo el levantamiento del cuerpo sin vida de la v\u00edctima, el cual se encontraba en la calle principal de la localidad y presentaba impactos de arma de fuego.<\/p>\n<p style=\"font-weight: 400; text-align: justify;\">La Fiscal\u00eda General del Estado de Oaxaca refrenda el compromiso de procurar justicia para las v\u00edctimas directas e indirectas de delitos de g\u00e9nero, adem\u00e1s de que las muertes violentas de mujeres se indagan bajo Protocolo de Investigaci\u00f3n Ministerial, Policial y Pericial del Delito de Feminicidio.<\/p>\n","protected":false},"author":1,"featured_media":3175,"comment_status":"closed","ping_status":"closed","template":"","tags":[],"categoria_noticias":[],"class_list":["post-15551","noticias","type-noticias","status-publish","has-post-thumbnail","hentry"],"acf":[],"mb":[],"mfb_rest_fields":["title","gutenberg_elementor_mode"],"_links":{"self":[{"href":"https:\/\/portal.fgeo.gob.mx\/index.php\/wp-json\/wp\/v2\/noticias\/15551","targetHints":{"allow":["GET"]}}],"collection":[{"href":"https:\/\/portal.fgeo.gob.mx\/index.php\/wp-json\/wp\/v2\/noticias"}],"about":[{"href":"https:\/\/portal.fgeo.gob.mx\/index.php\/wp-json\/wp\/v2\/types\/noticias"}],"author":[{"embeddable":true,"href":"https:\/\/portal.fgeo.gob.mx\/index.php\/wp-json\/wp\/v2\/users\/1"}],"replies":[{"embeddable":true,"href":"https:\/\/portal.fgeo.gob.mx\/index.php\/wp-json\/wp\/v2\/comments?post=15551"}],"wp:featuredmedia":[{"embeddable":true,"href":"https:\/\/portal.fgeo.gob.mx\/index.php\/wp-json\/"}],"wp:attachment":[{"href":"https:\/\/portal.fgeo.gob.mx\/index.php\/wp-json\/wp\/v2\/media?parent=15551"}],"wp:term":[{"taxonomy":"post_tag","embeddable":true,"href":"https:\/\/portal.fgeo.gob.mx\/index.php\/wp-json\/wp\/v2\/tags?post=15551"},{"taxonomy":"categoria_noticias","embeddable":true,"href":"https:\/\/portal.fgeo.gob.mx\/index.php\/wp-json\/wp\/v2\/categoria_noticias?post=15551"}],"curies":[{"name":"wp","href":"https:\/\/api.w.org\/{rel}","templated":true}]}}