{"id":15550,"date":"2023-03-09T13:13:11","date_gmt":"2023-03-09T19:13:11","guid":{"rendered":"http:\/\/fge.oaxaca.gob.mx\/?post_type=noticias&amp;p=4895"},"modified":"2023-03-09T13:13:11","modified_gmt":"2023-03-09T19:13:11","slug":"fiscalia-de-oaxaca-ejecuta-orden-de-aprehension-por-delito-de-desaparicion-forzada-ocurrido-en-la-costa","status":"publish","type":"noticias","link":"https:\/\/portal.fgeo.gob.mx\/index.php\/archivos\/noticias\/fiscalia-de-oaxaca-ejecuta-orden-de-aprehension-por-delito-de-desaparicion-forzada-ocurrido-en-la-costa","title":{"rendered":"Fiscal\u00eda de Oaxaca ejecuta orden de aprehensi\u00f3n por delito de desaparici\u00f3n forzada, ocurrido en la Costa"},"content":{"rendered":"<p style=\"font-weight: 400; text-align: justify;\"><strong>Oaxaca de Ju\u00e1rez, Oax., a 9 de marzo de 2023.-\u00a0<\/strong>La Fiscal\u00eda General del Estado de Oaxaca (FGEO) ejecut\u00f3 una orden de aprehensi\u00f3n en contra de la persona del sexo masculino identificada por las iniciales J.A.R.H., por el delito de desaparici\u00f3n forzada de personas cometida por particulares, hechos que ocurrieron en la regi\u00f3n de la Costa.<\/p>\n<p style=\"font-weight: 400; text-align: justify;\">De acuerdo con las investigaciones del caso, los sucesos se registraron el 30 de mayo de 2018, en un domicilio particular del municipio de Santa Mar\u00eda Tonameca.<\/p>\n<p style=\"font-weight: 400; text-align: justify;\">Al sitio lleg\u00f3 una persona que agredi\u00f3 f\u00edsicamente a la v\u00edctima identificada por las iniciales R. F. R., a quien subi\u00f3 a un veh\u00edculo y se la llev\u00f3 con rumbo desconocido.<\/p>\n<p style=\"font-weight: 400; text-align: justify;\">Al tener conocimiento del caso, la FGEO intervino a trav\u00e9s de la Vicefiscal\u00eda Regional de la Costa, la cual atrajo las investigaciones que dieron como resultado, la obtenci\u00f3n de una orden de aprehensi\u00f3n, la cual se ejecut\u00f3 contra J. A. R. H.<\/p>\n<p style=\"font-weight: 400; text-align: justify;\">La Fiscal\u00eda de Oaxaca refrenda su compromiso de procurar justicia en beneficio de las v\u00edctimas directas e indirectas de delitos.<\/p>\n","protected":false},"author":1,"featured_media":3175,"comment_status":"closed","ping_status":"closed","template":"","tags":[],"categoria_noticias":[],"class_list":["post-15550","noticias","type-noticias","status-publish","has-post-thumbnail","hentry"],"acf":[],"mb":[],"mfb_rest_fields":["title","gutenberg_elementor_mode"],"_links":{"self":[{"href":"https:\/\/portal.fgeo.gob.mx\/index.php\/wp-json\/wp\/v2\/noticias\/15550","targetHints":{"allow":["GET"]}}],"collection":[{"href":"https:\/\/portal.fgeo.gob.mx\/index.php\/wp-json\/wp\/v2\/noticias"}],"about":[{"href":"https:\/\/portal.fgeo.gob.mx\/index.php\/wp-json\/wp\/v2\/types\/noticias"}],"author":[{"embeddable":true,"href":"https:\/\/portal.fgeo.gob.mx\/index.php\/wp-json\/wp\/v2\/users\/1"}],"replies":[{"embeddable":true,"href":"https:\/\/portal.fgeo.gob.mx\/index.php\/wp-json\/wp\/v2\/comments?post=15550"}],"wp:featuredmedia":[{"embeddable":true,"href":"https:\/\/portal.fgeo.gob.mx\/index.php\/wp-json\/"}],"wp:attachment":[{"href":"https:\/\/portal.fgeo.gob.mx\/index.php\/wp-json\/wp\/v2\/media?parent=15550"}],"wp:term":[{"taxonomy":"post_tag","embeddable":true,"href":"https:\/\/portal.fgeo.gob.mx\/index.php\/wp-json\/wp\/v2\/tags?post=15550"},{"taxonomy":"categoria_noticias","embeddable":true,"href":"https:\/\/portal.fgeo.gob.mx\/index.php\/wp-json\/wp\/v2\/categoria_noticias?post=15550"}],"curies":[{"name":"wp","href":"https:\/\/api.w.org\/{rel}","templated":true}]}}