{"id":15549,"date":"2023-03-08T21:16:47","date_gmt":"2023-03-09T03:16:47","guid":{"rendered":"http:\/\/fge.oaxaca.gob.mx\/?post_type=noticias&amp;p=4894"},"modified":"2023-03-08T21:16:47","modified_gmt":"2023-03-09T03:16:47","slug":"prioritaria-procuracion-y-atencion-a-mujeres-victimas-de-violencias-de-genero-fiscalia-de-oaxaca","status":"publish","type":"noticias","link":"https:\/\/portal.fgeo.gob.mx\/index.php\/archivos\/noticias\/prioritaria-procuracion-y-atencion-a-mujeres-victimas-de-violencias-de-genero-fiscalia-de-oaxaca","title":{"rendered":"Prioritaria procuraci\u00f3n y atenci\u00f3n a mujeres v\u00edctimas de violencias de g\u00e9nero: Fiscal\u00eda de Oaxaca"},"content":{"rendered":"<p style=\"font-weight: 400; text-align: justify;\"><strong>Oaxaca de Ju\u00e1rez, Oax., a 8 de marzo de 2023.- \u00a0<\/strong>\u00a0Ante la creciente exigencia social de abatir las distintas violencias contra las mujeres, la atenci\u00f3n y procuraci\u00f3n de justicia para v\u00edctimas de delitos de g\u00e9nero es una prioridad para la Fiscal\u00eda General de Justicia del Estado de Oaxaca (FGEO), afirm\u00f3 su titular, Bernardo Rodr\u00edguez Alamilla.<\/p>\n<p style=\"font-weight: 400; text-align: justify;\">En el marco del D\u00eda Internacional de la Mujer, apunt\u00f3 que la instituci\u00f3n se encuentra en un proceso de reingenier\u00eda institucional que impacta particularmente a las \u00e1reas destinadas a la atenci\u00f3n de mujeres v\u00edctimas directas e indirectas de violencia familiar y feminicidios, por ello dijo, entre otras acciones, \u201cel Centro de Justicia para las Mujeres ser\u00e1 reubicado para mejorar la atenci\u00f3n de las mujeres usuarias\u201d.<\/p>\n<p style=\"font-weight: 400; text-align: justify;\">Luego de hacer un reconocimiento por la trayectoria y logros profesionales de mujeres que forman parte de las diferentes \u00e1reas de la Agencia Estatal de Investigaciones (AEI), anunci\u00f3 que la instituci\u00f3n tiene la obligaci\u00f3n de hacer transversal el enfoque de g\u00e9nero en todas sus actuaciones.<\/p>\n<p style=\"font-weight: 400; text-align: justify;\">Adem\u00e1s, en este 8 de Marzo, asegur\u00f3 que las acciones que se llevan a cabo, van acompa\u00f1adas de una visi\u00f3n distinta, \u201cde una nueva forma de entender los procesos de justicia y la participaci\u00f3n de las mujeres que laboran en la Fiscal\u00eda General de Justicia del Estado\u201d.<\/p>\n<p style=\"font-weight: 400; text-align: justify;\">\u201cEs fundamental la dignificaci\u00f3n del trabajo de todas las mujeres y tambi\u00e9n de las agentes estatales de investigaci\u00f3n, pues la instituci\u00f3n avanzar\u00e1 solo en la medida que se d\u00e9 un reconocimiento pleno de sus derechos\u201d, sostuvo Rodr\u00edguez Alamilla, al tiempo de asegurar que existe una deuda hist\u00f3rica con las mujeres que laboran en la instituci\u00f3n y que tendr\u00e1 que resolverse para garantizar la igualdad de condiciones laborales.<\/p>\n<p style=\"font-weight: 400; text-align: justify;\">Acompa\u00f1ado por la Vicefiscal General de Control Regional, Margarita Guzm\u00e1n Corsi; la titular del Centro de Justicia para las Mujeres, Tania Albarr\u00e1n; la Oficial Mayor, Arima Ojeda Santiago; as\u00ed como el Vicefiscal General Zona Centro, Alejandro Ram\u00edrez Hern\u00e1ndez; el Fiscal Especializado en Atenci\u00f3n a Delitos de Alto Impacto, Juventino P\u00e9rez G\u00f3mez; el Coordinador de la Agencia Estatal de Investigaciones, Rogelio Humberto Garc\u00eda Hern\u00e1ndez; as\u00ed como de trabajadoras de la AEI, el Fiscal General reconoci\u00f3 que si bien hay avances sustanciales en el reconocimiento y ejercicio de los derechos de las mujeres, tambi\u00e9n existen grandes retos, que deben ser abordados de manera integral, por lo que llam\u00f3 a todas y todos a redoblar esfuerzos en las acciones de procuraci\u00f3n de justicia que realizan.<\/p>\n","protected":false},"author":1,"featured_media":3175,"comment_status":"closed","ping_status":"closed","template":"","tags":[],"categoria_noticias":[],"class_list":["post-15549","noticias","type-noticias","status-publish","has-post-thumbnail","hentry"],"acf":[],"mb":[],"mfb_rest_fields":["title","gutenberg_elementor_mode"],"_links":{"self":[{"href":"https:\/\/portal.fgeo.gob.mx\/index.php\/wp-json\/wp\/v2\/noticias\/15549","targetHints":{"allow":["GET"]}}],"collection":[{"href":"https:\/\/portal.fgeo.gob.mx\/index.php\/wp-json\/wp\/v2\/noticias"}],"about":[{"href":"https:\/\/portal.fgeo.gob.mx\/index.php\/wp-json\/wp\/v2\/types\/noticias"}],"author":[{"embeddable":true,"href":"https:\/\/portal.fgeo.gob.mx\/index.php\/wp-json\/wp\/v2\/users\/1"}],"replies":[{"embeddable":true,"href":"https:\/\/portal.fgeo.gob.mx\/index.php\/wp-json\/wp\/v2\/comments?post=15549"}],"wp:featuredmedia":[{"embeddable":true,"href":"https:\/\/portal.fgeo.gob.mx\/index.php\/wp-json\/"}],"wp:attachment":[{"href":"https:\/\/portal.fgeo.gob.mx\/index.php\/wp-json\/wp\/v2\/media?parent=15549"}],"wp:term":[{"taxonomy":"post_tag","embeddable":true,"href":"https:\/\/portal.fgeo.gob.mx\/index.php\/wp-json\/wp\/v2\/tags?post=15549"},{"taxonomy":"categoria_noticias","embeddable":true,"href":"https:\/\/portal.fgeo.gob.mx\/index.php\/wp-json\/wp\/v2\/categoria_noticias?post=15549"}],"curies":[{"name":"wp","href":"https:\/\/api.w.org\/{rel}","templated":true}]}}