{"id":15548,"date":"2023-03-08T18:43:36","date_gmt":"2023-03-09T00:43:36","guid":{"rendered":"http:\/\/fge.oaxaca.gob.mx\/?post_type=noticias&amp;p=4893"},"modified":"2023-03-08T18:43:36","modified_gmt":"2023-03-09T00:43:36","slug":"realiza-fgeo-repatriacion-de-presunto-homicida-de-una-mujer-en-la-colaboracion-con-autoridades-estadounidenses","status":"publish","type":"noticias","link":"https:\/\/portal.fgeo.gob.mx\/index.php\/archivos\/noticias\/realiza-fgeo-repatriacion-de-presunto-homicida-de-una-mujer-en-la-colaboracion-con-autoridades-estadounidenses","title":{"rendered":"Realiza FGEO repatriaci\u00f3n de presunto homicida de una mujer; en la colaboraci\u00f3n con autoridades estadounidenses"},"content":{"rendered":"<p style=\"font-weight: 400; text-align: justify;\"><strong>Oaxaca de Ju\u00e1rez, Oax., a 8 de marzo de 2023.-\u00a0<\/strong>Las investigaciones realizadas por la Fiscal\u00eda General del Estado de Oaxaca (FGEO), en estrecha colaboraci\u00f3n con autoridades de los Estados Unidos, permitieron la detenci\u00f3n en Columbus, Ohio, de una persona del sexo masculino identificada por las iniciales O. S. M., por el delito de homicidio calificado, cometido contra de una mujer en 2015, en la agencia de Pe\u00f1a Blanca, municipio de Concepci\u00f3n P\u00e1palo, regi\u00f3n Ca\u00f1ada.<\/p>\n<p style=\"font-weight: 400; text-align: justify;\">El imputado estuvo pr\u00f3fugo durante m\u00e1s de siete a\u00f1os, pero como parte de las labores de inteligencia, la FGEO ubic\u00f3 a la persona y en coordinaci\u00f3n con las autoridades estadunidenses, se logr\u00f3 la detenci\u00f3n y posterior entrega a M\u00e9xico, para su trasladado a la entidad, donde ser\u00e1 presentado ante el Juez que atiende la causa para determinar su situaci\u00f3n jur\u00eddica.<\/p>\n<p style=\"font-weight: 400; text-align: justify;\">Los hechos ocurrieron el 14 de mayo de 2015, cuando la v\u00edctima identificada con las iniciales M. L. H., fue privada de la vida.\u00a0 El caso fue atra\u00eddo por la entonces Subprocuradur\u00eda General Zona Norte, &#8211;hoy Vicefiscal\u00eda General de Control Regional&#8211;, que se encarg\u00f3 de investigar, lo que permiti\u00f3 el otorgamiento de la orden de aprehensi\u00f3n y la posterior localizaci\u00f3n del imputado que se refugiaba en los\u00a0Estados\u00a0Unidos.<\/p>\n<p style=\"font-weight: 400; text-align: justify;\">Como resultado de las indagatorias, se logr\u00f3 la captura de O. S. M. quien ser\u00e1 procesado por el delito de homicidio calificado.<\/p>\n<p style=\"font-weight: 400; text-align: justify;\">La Fiscal\u00eda de Oaxaca tiene el compromiso de trabajar con apego a la Ley para que no haya impunidad en la comisi\u00f3n de delitos de alto impacto, mucho menos cuando las conductas criminales son en contra\u00a0de\u00a0las\u00a0mujeres.<\/p>\n","protected":false},"author":1,"featured_media":3175,"comment_status":"closed","ping_status":"closed","template":"","tags":[],"categoria_noticias":[],"class_list":["post-15548","noticias","type-noticias","status-publish","has-post-thumbnail","hentry"],"acf":[],"mb":[],"mfb_rest_fields":["title","gutenberg_elementor_mode"],"_links":{"self":[{"href":"https:\/\/portal.fgeo.gob.mx\/index.php\/wp-json\/wp\/v2\/noticias\/15548","targetHints":{"allow":["GET"]}}],"collection":[{"href":"https:\/\/portal.fgeo.gob.mx\/index.php\/wp-json\/wp\/v2\/noticias"}],"about":[{"href":"https:\/\/portal.fgeo.gob.mx\/index.php\/wp-json\/wp\/v2\/types\/noticias"}],"author":[{"embeddable":true,"href":"https:\/\/portal.fgeo.gob.mx\/index.php\/wp-json\/wp\/v2\/users\/1"}],"replies":[{"embeddable":true,"href":"https:\/\/portal.fgeo.gob.mx\/index.php\/wp-json\/wp\/v2\/comments?post=15548"}],"wp:featuredmedia":[{"embeddable":true,"href":"https:\/\/portal.fgeo.gob.mx\/index.php\/wp-json\/"}],"wp:attachment":[{"href":"https:\/\/portal.fgeo.gob.mx\/index.php\/wp-json\/wp\/v2\/media?parent=15548"}],"wp:term":[{"taxonomy":"post_tag","embeddable":true,"href":"https:\/\/portal.fgeo.gob.mx\/index.php\/wp-json\/wp\/v2\/tags?post=15548"},{"taxonomy":"categoria_noticias","embeddable":true,"href":"https:\/\/portal.fgeo.gob.mx\/index.php\/wp-json\/wp\/v2\/categoria_noticias?post=15548"}],"curies":[{"name":"wp","href":"https:\/\/api.w.org\/{rel}","templated":true}]}}