{"id":15547,"date":"2023-03-07T22:50:59","date_gmt":"2023-03-08T04:50:59","guid":{"rendered":"http:\/\/fge.oaxaca.gob.mx\/?post_type=noticias&amp;p=4892"},"modified":"2023-03-07T22:50:59","modified_gmt":"2023-03-08T04:50:59","slug":"ejecuta-fiscalia-de-oaxaca-orden-de-aprehension-por-delito-de-feminicidio","status":"publish","type":"noticias","link":"https:\/\/portal.fgeo.gob.mx\/index.php\/archivos\/noticias\/ejecuta-fiscalia-de-oaxaca-orden-de-aprehension-por-delito-de-feminicidio","title":{"rendered":"Ejecuta Fiscal\u00eda de Oaxaca orden de aprehensi\u00f3n por delito de feminicidio"},"content":{"rendered":"<p style=\"font-weight: 400; text-align: justify;\"><strong>Oaxaca de Ju\u00e1rez, Oax., a 7 de marzo de 2023.- \u00a0<\/strong>Con la premisa de procurar justicia para las v\u00edctimas directas e indirectas de delitos de g\u00e9nero, la Fiscal\u00eda General del Estado de Oaxaca (FGEO) ejecut\u00f3 una orden de aprehensi\u00f3n en colaboraci\u00f3n con la instituci\u00f3n hom\u00f3loga de Puebla, por el delito de feminicidio, contra una persona del sexo masculino identificada por las iniciales A.N.H.<\/p>\n<p style=\"font-weight: 400; text-align: justify;\">Luego del trabajo de investigaci\u00f3n por parte de la Vicefiscal\u00eda Regional de la Cuenca, se logr\u00f3 la ubicaci\u00f3n del implicado en la privaci\u00f3n de la vida de una mujer, ocurrido en San Juan Bautista Tuxtepec, el 19 de abril de 2019.<\/p>\n<p style=\"font-weight: 400; text-align: justify;\">De acuerdo con las indagatorias, A.N.H agredi\u00f3 con un arma blanca a la v\u00edctima identificada por las iniciales R.L.M., en c\u00e9ntricas calles del citado municipio, caus\u00e1ndole la muerte.<\/p>\n<p style=\"font-weight: 400; text-align: justify;\">La Fiscal\u00eda General de Justicia del Estado de Oaxaca, refrenda su compromiso para con la procuraci\u00f3n de justicia de v\u00edctimas directas e indirectas de delitos de g\u00e9nero, para evitar la repetici\u00f3n de los mismos.<\/p>\n","protected":false},"author":1,"featured_media":3175,"comment_status":"closed","ping_status":"closed","template":"","tags":[],"categoria_noticias":[],"class_list":["post-15547","noticias","type-noticias","status-publish","has-post-thumbnail","hentry"],"acf":[],"mb":[],"mfb_rest_fields":["title","gutenberg_elementor_mode"],"_links":{"self":[{"href":"https:\/\/portal.fgeo.gob.mx\/index.php\/wp-json\/wp\/v2\/noticias\/15547","targetHints":{"allow":["GET"]}}],"collection":[{"href":"https:\/\/portal.fgeo.gob.mx\/index.php\/wp-json\/wp\/v2\/noticias"}],"about":[{"href":"https:\/\/portal.fgeo.gob.mx\/index.php\/wp-json\/wp\/v2\/types\/noticias"}],"author":[{"embeddable":true,"href":"https:\/\/portal.fgeo.gob.mx\/index.php\/wp-json\/wp\/v2\/users\/1"}],"replies":[{"embeddable":true,"href":"https:\/\/portal.fgeo.gob.mx\/index.php\/wp-json\/wp\/v2\/comments?post=15547"}],"wp:featuredmedia":[{"embeddable":true,"href":"https:\/\/portal.fgeo.gob.mx\/index.php\/wp-json\/"}],"wp:attachment":[{"href":"https:\/\/portal.fgeo.gob.mx\/index.php\/wp-json\/wp\/v2\/media?parent=15547"}],"wp:term":[{"taxonomy":"post_tag","embeddable":true,"href":"https:\/\/portal.fgeo.gob.mx\/index.php\/wp-json\/wp\/v2\/tags?post=15547"},{"taxonomy":"categoria_noticias","embeddable":true,"href":"https:\/\/portal.fgeo.gob.mx\/index.php\/wp-json\/wp\/v2\/categoria_noticias?post=15547"}],"curies":[{"name":"wp","href":"https:\/\/api.w.org\/{rel}","templated":true}]}}