{"id":15546,"date":"2023-03-07T18:10:16","date_gmt":"2023-03-08T00:10:16","guid":{"rendered":"http:\/\/fge.oaxaca.gob.mx\/?post_type=noticias&amp;p=4891"},"modified":"2023-03-07T18:10:16","modified_gmt":"2023-03-08T00:10:16","slug":"fiscalia-de-oaxaca-y-grupo-de-mujeres-8-de-marzo-firman-convenio-de-colaboracion","status":"publish","type":"noticias","link":"https:\/\/portal.fgeo.gob.mx\/index.php\/archivos\/noticias\/fiscalia-de-oaxaca-y-grupo-de-mujeres-8-de-marzo-firman-convenio-de-colaboracion","title":{"rendered":"Fiscal\u00eda de Oaxaca y Grupo de Mujeres 8 de Marzo firman convenio de colaboraci\u00f3n"},"content":{"rendered":"<p style=\"font-weight: 400; text-align: justify;\"><em>*El acuerdo permitir\u00e1 fortalecer la atenci\u00f3n a v\u00edctimas de violencia de g\u00e9nero<\/em><\/p>\n<p style=\"font-weight: 400; text-align: justify;\"><strong>\u00a0<\/strong><\/p>\n<p style=\"font-weight: 400; text-align: justify;\"><strong>Oaxaca de Ju\u00e1rez, Oax., a 7 de marzo de 2023.-\u00a0\u00a0<\/strong>El Fiscal General del Estado de Oaxaca, Bernardo Rodr\u00edguez Alamilla, firm\u00f3 un convenio de colaboraci\u00f3n con el Grupo de Mujeres \u201c8 de Marzo\u201d A. C., representado por su fundadora, la profesora Rogelia Gonz\u00e1lez Luis.<\/p>\n<p style=\"font-weight: 400; text-align: justify;\">El acuerdo establece las bases para contribuir con la atenci\u00f3n, canalizaci\u00f3n y seguimiento de los casos de mujeres que son v\u00edctimas de alg\u00fan tipo de violencia por raz\u00f3n de g\u00e9nero en todo el estado, a trav\u00e9s de los servicios que otorga la propia asociaci\u00f3n.<\/p>\n<p style=\"font-weight: 400; text-align: justify;\">El Fiscal General reconoci\u00f3 el trabajo realizado durante d\u00e9cadas la agrupaci\u00f3n nacida en el Istmo de Tehuantepec en la d\u00e9cada de los 90, para atender a mujeres, ni\u00f1as, ni\u00f1os y adolescentes v\u00edctimas de violencia.<\/p>\n<p style=\"font-weight: 400; text-align: justify;\">\u201cLa labor que ha encabezado la profesora Rogelia ha sido fundamental en la construcci\u00f3n de una nueva realidad para cientos de mujeres, lo que ha permitido que cuente con el reconocimiento social en materia de defensa de los derechos de las mujeres\u201d, afirm\u00f3 Rodr\u00edguez Alamilla.<\/p>\n<p style=\"font-weight: 400; text-align: justify;\">Ante ello, apunt\u00f3 que este tipo de convenios en los que participa la sociedad civil de manera determinante, implica atender de manera integral la violencia de g\u00e9nero, con acciones que involucran a la sociedad civil.<\/p>\n<p style=\"font-weight: 400; text-align: justify;\">El convenio genera el compromiso para coordinar esfuerzos y capacidades para establecer la debida protecci\u00f3n de los derechos de las mujeres, con un enfoque multidisciplinario e intercultural y con perspectiva de g\u00e9nero, evitando la revictimizaci\u00f3n y discriminaci\u00f3n.<\/p>\n<p style=\"font-weight: 400; text-align: justify;\">Este acuerdo tambi\u00e9n prioriza la atenci\u00f3n integral para las hijas e hijos de v\u00edctimas de violencia de g\u00e9nero.<\/p>\n<p style=\"font-weight: 400; text-align: justify;\">Por su parte, la profesora Rogelia Gonz\u00e1lez Luis expuso que desde su fundaci\u00f3n, el Grupo de Mujeres \u201c8 de Marzo\u201d ha brindado atenci\u00f3n a 800 mujeres, ni\u00f1as y ni\u00f1os v\u00edctimas de violencia, adem\u00e1s de que cuentan con un albergue, as\u00ed como asistencia legal, psicol\u00f3gica, adem\u00e1s de capacitaci\u00f3n para el trabajo.<\/p>\n<p style=\"font-weight: 400; text-align: justify;\">La defensora de los derechos humanos de las mujeres resalt\u00f3 la importancia de establecer acuerdos de cooperaci\u00f3n con la Fiscal\u00eda General del Estado de Oaxaca, para establecer mecanismos que permitan el acceso a la justicia de las mujeres.<\/p>\n<p style=\"font-weight: 400; text-align: justify;\">En la firma de convenio estuvieron presentes la representante legal del Grupo de Mujeres 8 de Marzo, Natalia Sicar\u00fa Torres Gonz\u00e1lez; la coordinadora del Centro de Apoyo y Atenci\u00f3n a la Mujer Istme\u00f1a (CAAMI), Claudia Valeria Hern\u00e1ndez Esteva; la Vicefiscal Regional del Istmo, Liliana Baroja Mart\u00ednez; y el Vicefiscal General Zona Centro, Alejandro Alfonso Ram\u00edrez\u00a0Hern\u00e1ndez.<\/p>\n","protected":false},"author":1,"featured_media":3175,"comment_status":"closed","ping_status":"closed","template":"","tags":[],"categoria_noticias":[],"class_list":["post-15546","noticias","type-noticias","status-publish","has-post-thumbnail","hentry"],"acf":[],"mb":[],"mfb_rest_fields":["title","gutenberg_elementor_mode"],"_links":{"self":[{"href":"https:\/\/portal.fgeo.gob.mx\/index.php\/wp-json\/wp\/v2\/noticias\/15546","targetHints":{"allow":["GET"]}}],"collection":[{"href":"https:\/\/portal.fgeo.gob.mx\/index.php\/wp-json\/wp\/v2\/noticias"}],"about":[{"href":"https:\/\/portal.fgeo.gob.mx\/index.php\/wp-json\/wp\/v2\/types\/noticias"}],"author":[{"embeddable":true,"href":"https:\/\/portal.fgeo.gob.mx\/index.php\/wp-json\/wp\/v2\/users\/1"}],"replies":[{"embeddable":true,"href":"https:\/\/portal.fgeo.gob.mx\/index.php\/wp-json\/wp\/v2\/comments?post=15546"}],"wp:featuredmedia":[{"embeddable":true,"href":"https:\/\/portal.fgeo.gob.mx\/index.php\/wp-json\/"}],"wp:attachment":[{"href":"https:\/\/portal.fgeo.gob.mx\/index.php\/wp-json\/wp\/v2\/media?parent=15546"}],"wp:term":[{"taxonomy":"post_tag","embeddable":true,"href":"https:\/\/portal.fgeo.gob.mx\/index.php\/wp-json\/wp\/v2\/tags?post=15546"},{"taxonomy":"categoria_noticias","embeddable":true,"href":"https:\/\/portal.fgeo.gob.mx\/index.php\/wp-json\/wp\/v2\/categoria_noticias?post=15546"}],"curies":[{"name":"wp","href":"https:\/\/api.w.org\/{rel}","templated":true}]}}