{"id":15544,"date":"2023-03-05T14:12:57","date_gmt":"2023-03-05T20:12:57","guid":{"rendered":"http:\/\/fge.oaxaca.gob.mx\/?post_type=noticias&amp;p=4887"},"modified":"2023-03-05T14:12:57","modified_gmt":"2023-03-05T20:12:57","slug":"ejecuta-fgeo-orden-de-aprehension-por-homicidio-de-una-mujer-adulta-mayor-cometido-en-puebla","status":"publish","type":"noticias","link":"https:\/\/portal.fgeo.gob.mx\/index.php\/archivos\/noticias\/ejecuta-fgeo-orden-de-aprehension-por-homicidio-de-una-mujer-adulta-mayor-cometido-en-puebla","title":{"rendered":"Ejecuta FGEO orden de aprehensi\u00f3n por homicidio de una mujer adulta mayor cometido en Puebla"},"content":{"rendered":"<p style=\"font-weight: 400; text-align: justify;\"><strong>Oaxaca de Ju\u00e1rez, Oax., a 5 de marzo de 2023.- \u00a0<\/strong>La Fiscal\u00eda General del Estado de Oaxaca (FGEO), en estrecha colaboraci\u00f3n con la instituci\u00f3n hom\u00f3loga en Puebla, ejecut\u00f3 una orden de aprehensi\u00f3n contra una persona del sexo masculino identificada por las iniciales M.E.C.J., por el delito de homicidio calificado cometido contra una mujer adulta mayor, en hechos ocurridos en Santiago Momoxpan, San Pedro Cholula, Puebla.<\/p>\n<p style=\"font-weight: 400; text-align: justify;\">A trav\u00e9s de la Vicefiscal\u00eda Regional de la Cuenca y con la participaci\u00f3n de la Agencia Estatal de Investigaciones (AEI), este domingo se logr\u00f3 la aprehensi\u00f3n en la localidad de Francisco Villa, perteneciente a Santiago Yaveo, Oaxaca, del probable responsable del delito.<\/p>\n<p style=\"font-weight: 400; text-align: justify;\">De acuerdo con las investigaciones, el pasado 22 de diciembre, un hombre ingres\u00f3 a la vivienda de la persona adulta mayor identificada por las iniciales H.V.R.O., y la priv\u00f3 de la vida.<\/p>\n<p style=\"font-weight: 400; text-align: justify;\">Despu\u00e9s del trabajo realizado por la Fiscal\u00eda de Puebla, se determin\u00f3 que uno de los implicados se encontraba en la entidad oaxaque\u00f1a.<\/p>\n<p style=\"font-weight: 400; text-align: justify;\">Ante ello, con la participaci\u00f3n de la FGEO se cumpli\u00f3 la orden de aprehensi\u00f3n este 5 de marzo, para posteriormente trasladar y entregar a M.E.C.J. a la Fiscal\u00eda de Puebla, para que sea presentado ante el Juez de Control correspondiente.<\/p>\n<p style=\"font-weight: 400; text-align: justify;\">La FGEO refrenda su compromiso de colaborar con las instituciones de procuraci\u00f3n de justicia del pa\u00eds, para que las personas v\u00edctimas directas e indirectas de delitos puedan acceder a procesos de justicia y reparaci\u00f3n.<\/p>\n","protected":false},"author":1,"featured_media":3175,"comment_status":"closed","ping_status":"closed","template":"","tags":[],"categoria_noticias":[],"class_list":["post-15544","noticias","type-noticias","status-publish","has-post-thumbnail","hentry"],"acf":[],"mb":[],"mfb_rest_fields":["title","gutenberg_elementor_mode"],"_links":{"self":[{"href":"https:\/\/portal.fgeo.gob.mx\/index.php\/wp-json\/wp\/v2\/noticias\/15544","targetHints":{"allow":["GET"]}}],"collection":[{"href":"https:\/\/portal.fgeo.gob.mx\/index.php\/wp-json\/wp\/v2\/noticias"}],"about":[{"href":"https:\/\/portal.fgeo.gob.mx\/index.php\/wp-json\/wp\/v2\/types\/noticias"}],"author":[{"embeddable":true,"href":"https:\/\/portal.fgeo.gob.mx\/index.php\/wp-json\/wp\/v2\/users\/1"}],"replies":[{"embeddable":true,"href":"https:\/\/portal.fgeo.gob.mx\/index.php\/wp-json\/wp\/v2\/comments?post=15544"}],"wp:featuredmedia":[{"embeddable":true,"href":"https:\/\/portal.fgeo.gob.mx\/index.php\/wp-json\/"}],"wp:attachment":[{"href":"https:\/\/portal.fgeo.gob.mx\/index.php\/wp-json\/wp\/v2\/media?parent=15544"}],"wp:term":[{"taxonomy":"post_tag","embeddable":true,"href":"https:\/\/portal.fgeo.gob.mx\/index.php\/wp-json\/wp\/v2\/tags?post=15544"},{"taxonomy":"categoria_noticias","embeddable":true,"href":"https:\/\/portal.fgeo.gob.mx\/index.php\/wp-json\/wp\/v2\/categoria_noticias?post=15544"}],"curies":[{"name":"wp","href":"https:\/\/api.w.org\/{rel}","templated":true}]}}