{"id":15541,"date":"2023-03-03T18:37:51","date_gmt":"2023-03-04T00:37:51","guid":{"rendered":"http:\/\/fge.oaxaca.gob.mx\/?post_type=noticias&amp;p=4884"},"modified":"2023-03-03T18:37:51","modified_gmt":"2023-03-04T00:37:51","slug":"fiscalia-de-oaxaca-obtiene-fallo-condenatorio-contra-responsable-de-secuestro-agravado-cometido-contra-adultos-mayores","status":"publish","type":"noticias","link":"https:\/\/portal.fgeo.gob.mx\/index.php\/archivos\/noticias\/fiscalia-de-oaxaca-obtiene-fallo-condenatorio-contra-responsable-de-secuestro-agravado-cometido-contra-adultos-mayores","title":{"rendered":"Fiscal\u00eda de Oaxaca obtiene fallo condenatorio contra responsable de secuestro agravado cometido contra adultos mayores"},"content":{"rendered":"<p style=\"font-weight: 400; text-align: justify;\"><strong>Oaxaca de Ju\u00e1rez, Oax., 3 de marzo de 2023.-\u00a0<\/strong>Como parte de la priorizaci\u00f3n en resoluci\u00f3n de delitos de Alto Impacto, la Fiscal\u00eda General del Estado de Oaxaca (FGEO) obtuvo un fallo condenatorio contra la persona del sexo masculino identificada por las iniciales M. M. N., por su responsabilidad en la comisi\u00f3n del delito de secuestro agravado contra dos personas adultas mayores, ocurrido en la regi\u00f3n de la Mixteca.<\/p>\n<p style=\"font-weight: 400; text-align: justify;\">Los hechos se registraron el 15 de marzo de 2015, cuando las v\u00edctimas A. P. V. (hombre) y A. M. L. C. (mujer), salieron de su domicilio ubicado en el municipio de San Sebasti\u00e1n Tecomaxtlahuaca, para trasladarse a la ciudad de Huajuapan de Le\u00f3n, pero nunca llegaron.<\/p>\n<p style=\"font-weight: 400; text-align: justify;\">La familia de las v\u00edctimas recibi\u00f3 llamadas telef\u00f3nicas para exigir dinero a cambio de la liberaci\u00f3n de ambas personas, y llev\u00f3 a cabo el pago de un rescate, pero A. P. V. y A. M. L. C. no fueron puestos en libertad.<\/p>\n<p style=\"font-weight: 400; text-align: justify;\">Tras recibir la denuncia, la Fiscal\u00eda atrajo el caso a trav\u00e9s de la Unidad Especializada en Combate al Secuestro de la Fiscal\u00eda Especializada para la Atenci\u00f3n a Delitos de Alto Impacto, que realiz\u00f3 las investigaciones correspondientes que permitieron obtener la orden de aprehensi\u00f3n y luego del trabajo<\/p>\n<p style=\"font-weight: 400; text-align: justify;\">minucioso realizado por las \u00e1reas especializadas, el Tribunal de Enjuiciamiento que atiende el caso dict\u00f3 fallo condenatorio en contra del imputado.<\/p>\n<p style=\"font-weight: 400; text-align: justify;\">La Fiscal\u00eda de Oaxaca est\u00e1 comprometida con la b\u00fasqueda de las penas m\u00e1ximas en contra de los responsables de delitos de alto impacto, pues laceran severamente el tejido social de nuestra entidad.<\/p>\n","protected":false},"author":1,"featured_media":3175,"comment_status":"closed","ping_status":"closed","template":"","tags":[],"categoria_noticias":[],"class_list":["post-15541","noticias","type-noticias","status-publish","has-post-thumbnail","hentry"],"acf":[],"mb":[],"mfb_rest_fields":["title","gutenberg_elementor_mode"],"_links":{"self":[{"href":"https:\/\/portal.fgeo.gob.mx\/index.php\/wp-json\/wp\/v2\/noticias\/15541","targetHints":{"allow":["GET"]}}],"collection":[{"href":"https:\/\/portal.fgeo.gob.mx\/index.php\/wp-json\/wp\/v2\/noticias"}],"about":[{"href":"https:\/\/portal.fgeo.gob.mx\/index.php\/wp-json\/wp\/v2\/types\/noticias"}],"author":[{"embeddable":true,"href":"https:\/\/portal.fgeo.gob.mx\/index.php\/wp-json\/wp\/v2\/users\/1"}],"replies":[{"embeddable":true,"href":"https:\/\/portal.fgeo.gob.mx\/index.php\/wp-json\/wp\/v2\/comments?post=15541"}],"wp:featuredmedia":[{"embeddable":true,"href":"https:\/\/portal.fgeo.gob.mx\/index.php\/wp-json\/"}],"wp:attachment":[{"href":"https:\/\/portal.fgeo.gob.mx\/index.php\/wp-json\/wp\/v2\/media?parent=15541"}],"wp:term":[{"taxonomy":"post_tag","embeddable":true,"href":"https:\/\/portal.fgeo.gob.mx\/index.php\/wp-json\/wp\/v2\/tags?post=15541"},{"taxonomy":"categoria_noticias","embeddable":true,"href":"https:\/\/portal.fgeo.gob.mx\/index.php\/wp-json\/wp\/v2\/categoria_noticias?post=15541"}],"curies":[{"name":"wp","href":"https:\/\/api.w.org\/{rel}","templated":true}]}}