{"id":15539,"date":"2023-03-02T19:06:36","date_gmt":"2023-03-03T01:06:36","guid":{"rendered":"http:\/\/fge.oaxaca.gob.mx\/?post_type=noticias&amp;p=4881"},"modified":"2023-03-02T19:06:36","modified_gmt":"2023-03-03T01:06:36","slug":"entrega-fgeo-resultados-en-procuracion-de-justicia-para-ninas-y-adolescentes-victimas-de-violencia-sexual","status":"publish","type":"noticias","link":"https:\/\/portal.fgeo.gob.mx\/index.php\/archivos\/noticias\/entrega-fgeo-resultados-en-procuracion-de-justicia-para-ninas-y-adolescentes-victimas-de-violencia-sexual","title":{"rendered":"Entrega FGEO resultados en procuraci\u00f3n de justicia para ni\u00f1as y adolescentes v\u00edctimas de violencia sexual"},"content":{"rendered":"<ul>\n<li style=\"font-weight: 400; text-align: justify;\"><em>Fiscal\u00eda de Oaxaca obtiene sentencias por m\u00e1s de 20 a\u00f1os de prisi\u00f3n por abuso sexual y violaci\u00f3n, y logra vinculaciones a proceso por delitos sexuales cometidos en diferentes regiones de la entidad contra ni\u00f1as y adolescentes<\/em><\/li>\n<\/ul>\n<p style=\"font-weight: 400; text-align: justify;\"><strong>\u00a0<\/strong><\/p>\n<p style=\"font-weight: 400; text-align: justify;\"><strong>\u00a0<\/strong><\/p>\n<p style=\"font-weight: 400; text-align: justify;\"><strong>Oaxaca de Ju\u00e1rez, Oax., a 2 de marzo de 2023.- \u00a0<\/strong>La<strong>\u00a0<\/strong>Fiscal\u00eda General del Estado de Oaxaca (FGEO) prioriza la procuraci\u00f3n de justicia a favor de ni\u00f1as y adolescentes v\u00edctimas de violencia sexual, por lo que, en el \u00faltimo mes ha logrado dos sentencias por abuso sexual agravado cometido contra una adolescente; y otra por 21 a\u00f1os de prisi\u00f3n perpetrado contra una ni\u00f1a.\u00a0 Adem\u00e1s, obtuvo tres vinculaciones a proceso por delitos sexuales contra menores de edad, resultados obtenidos en casos distintos en que la Instituci\u00f3n ofreci\u00f3 servicios integrales a las v\u00edctimas.<\/p>\n<p style=\"font-weight: 400; text-align: justify;\">Respecto a la sentencia de 21 a\u00f1os, los hechos ocurrieron en Santa Mar\u00eda Jalapa del Marqu\u00e9s el 25 de septiembre de 2020, cuando la v\u00edctima (cuya identidad est\u00e1 reservada por Ley) ten\u00eda 14 a\u00f1os de edad y la persona del sexo masculino identificada por las iniciales J. L. F. P., cometi\u00f3 el delito de violaci\u00f3n agravada.<\/p>\n<p style=\"font-weight: 400; text-align: justify;\">Luego de presentar la denuncia, la FGEO inici\u00f3 las investigaciones a trav\u00e9s de la Vicefiscal\u00eda Regional del Istmo que logr\u00f3 recabar las pruebas para obtener la orden de aprehensi\u00f3n contra el imputado y, tras aportar los datos prueba, el Tribunal de Enjuiciamiento determin\u00f3 imponer una condena de 21 a\u00f1os de prisi\u00f3n.<\/p>\n<p style=\"font-weight: 400; text-align: justify;\">En lo que corresponde a la sentencia de 27 a\u00f1os, esta se logr\u00f3 luego de que la FGEO aportara las pruebas ante el Tribunal de Enjuiciamiento por hechos ocurridos en el municipio de Ixtepec en el Istmo de Tehuantepec, entre abril y mayo de 2021, cuando I. A. R. agredi\u00f3 sexualmente a la v\u00edctima en diferentes ocasiones, motivo por el cual se present\u00f3 la denuncia y la Vicefiscal\u00eda Regional del Istmo atrajo el caso e inici\u00f3 las investigaciones a trav\u00e9s del \u00e1rea especializada en g\u00e9nero.<\/p>\n<p style=\"font-weight: 400; text-align: justify;\"><strong>Logra Fiscal\u00eda prisi\u00f3n y vinculaci\u00f3n a proceso<\/strong><\/p>\n<p style=\"font-weight: 400; text-align: justify;\">Asimismo, la Fiscal\u00eda logr\u00f3 la vinculaci\u00f3n a proceso de dos personas del sexo masculino, identificadas por las iniciales E. P. y F.H.G., por el delito de violaci\u00f3n cometido contra de una adolescente &#8211;cuya identidad est\u00e1 protegida por la ley&#8211;, en Huautla de Jim\u00e9nez, regi\u00f3n de la Ca\u00f1ada.<\/p>\n<p style=\"font-weight: 400; text-align: justify;\">Al recibir la denuncia, la Vicefiscal\u00eda General de Control Regional, a trav\u00e9s de la Unidad de G\u00e9nero, atrajo el caso y obtuvo la orden de aprehensi\u00f3n contra las personas antes mencionadas, quienes fueron presentadas ante el Juez de Control, que determin\u00f3 vincular a proceso e imponer la medida cautelar de prisi\u00f3n preventiva oficiosa de los imputados.<\/p>\n<p style=\"font-weight: 400; text-align: justify;\">As\u00ed tambi\u00e9n, la Fiscal\u00eda logr\u00f3 la vinculaci\u00f3n a proceso y prisi\u00f3n preventiva contra un hombre identificado por las iniciales B. M. H., por el delito de violaci\u00f3n agravada cometido contra una ni\u00f1a de 9 a\u00f1os de edad (de identidad reservada por la ley), en hechos ocurridos el 26 de enero de 2023, en la regi\u00f3n Mixteca.<\/p>\n<p style=\"font-weight: 400; text-align: justify;\">Luego de recibir la denuncia, la Vicefiscal\u00eda Regional de la Mixteca atrajo el caso y obtuvo la orden de aprehensi\u00f3n contra el imputado quien, luego se ser detenido fue presentado ante el Juez que atiende la causa y, determin\u00f3 vincularlo a proceso y orden\u00f3 que permanezca en prisi\u00f3n preventiva.<\/p>\n<p style=\"font-weight: 400; text-align: justify;\">De la misma forma, la FGEO logr\u00f3 que el Juez de Control vinculara a proceso y determinara prisi\u00f3n preventiva a una persona identificada como J.G.L., por el delito de violaci\u00f3n cometido contra una adolescente, en hechos registrados el 8 de mayo de 2020, en el municipio de Santa Mar\u00eda Zaniza.<\/p>\n<p style=\"font-weight: 400; text-align: justify;\">El caso fue atra\u00eddo por la Vicefiscal\u00eda General de Control Regional que realiz\u00f3 las investigaciones correspondientes, por las cuales obtuvo la orden de aprehensi\u00f3n que se ejecut\u00f3 en contra del imputado y posteriormente la vinculaci\u00f3n a proceso.<\/p>\n<p style=\"font-weight: 400; text-align: justify;\">En procuraci\u00f3n de justicia, la Fiscal\u00eda de Oaxaca prioriza el inter\u00e9s superior de ni\u00f1as, ni\u00f1os y adolescentes, al realizar las investigaciones de delitos que da\u00f1an a este sector de la poblaci\u00f3n.<\/p>\n","protected":false},"author":1,"featured_media":3175,"comment_status":"closed","ping_status":"closed","template":"","tags":[],"categoria_noticias":[],"class_list":["post-15539","noticias","type-noticias","status-publish","has-post-thumbnail","hentry"],"acf":[],"mb":[],"mfb_rest_fields":["title","gutenberg_elementor_mode"],"_links":{"self":[{"href":"https:\/\/portal.fgeo.gob.mx\/index.php\/wp-json\/wp\/v2\/noticias\/15539","targetHints":{"allow":["GET"]}}],"collection":[{"href":"https:\/\/portal.fgeo.gob.mx\/index.php\/wp-json\/wp\/v2\/noticias"}],"about":[{"href":"https:\/\/portal.fgeo.gob.mx\/index.php\/wp-json\/wp\/v2\/types\/noticias"}],"author":[{"embeddable":true,"href":"https:\/\/portal.fgeo.gob.mx\/index.php\/wp-json\/wp\/v2\/users\/1"}],"replies":[{"embeddable":true,"href":"https:\/\/portal.fgeo.gob.mx\/index.php\/wp-json\/wp\/v2\/comments?post=15539"}],"wp:featuredmedia":[{"embeddable":true,"href":"https:\/\/portal.fgeo.gob.mx\/index.php\/wp-json\/"}],"wp:attachment":[{"href":"https:\/\/portal.fgeo.gob.mx\/index.php\/wp-json\/wp\/v2\/media?parent=15539"}],"wp:term":[{"taxonomy":"post_tag","embeddable":true,"href":"https:\/\/portal.fgeo.gob.mx\/index.php\/wp-json\/wp\/v2\/tags?post=15539"},{"taxonomy":"categoria_noticias","embeddable":true,"href":"https:\/\/portal.fgeo.gob.mx\/index.php\/wp-json\/wp\/v2\/categoria_noticias?post=15539"}],"curies":[{"name":"wp","href":"https:\/\/api.w.org\/{rel}","templated":true}]}}