{"id":15538,"date":"2023-03-01T16:12:38","date_gmt":"2023-03-01T22:12:38","guid":{"rendered":"http:\/\/fge.oaxaca.gob.mx\/?post_type=noticias&amp;p=4880"},"modified":"2023-03-01T16:12:38","modified_gmt":"2023-03-01T22:12:38","slug":"fiscalia-de-oaxaca-obtiene-vinculacion-a-proceso-por-feminicidio-cometido-en-zacatepec","status":"publish","type":"noticias","link":"https:\/\/portal.fgeo.gob.mx\/index.php\/archivos\/noticias\/fiscalia-de-oaxaca-obtiene-vinculacion-a-proceso-por-feminicidio-cometido-en-zacatepec","title":{"rendered":"Fiscal\u00eda de Oaxaca obtiene vinculaci\u00f3n a proceso por Feminicidio cometido en Zacatepec"},"content":{"rendered":"<p style=\"font-weight: 400; text-align: justify;\"><strong>Oaxaca de Ju\u00e1rez, Oax., 01 de marzo de 2023.-\u00a0<\/strong>Ante el trabajo realizado por la Fiscal\u00eda General del Estado de Oaxaca, una persona del sexo masculino identificada por las iniciales M.T.P., qued\u00f3 vinculada a proceso por el delito de feminicidio.<\/p>\n<p style=\"font-weight: 400; text-align: justify;\">Los hechos ocurrieron el 5 de septiembre de 2021, cuando la v\u00edctima, M.R.H., fue atacada con arma de fuego mientras se encontraba a la orilla del r\u00edo Atotonilco, perteneciente al municipio de Santa Mar\u00eda Zacatepec, en el distrito de Putla, en la regi\u00f3n de la Sierra Sur.<\/p>\n<p style=\"font-weight: 400; text-align: justify;\">Al tener conocimiento del caso, la FGEO intervino a trav\u00e9s de la Unidad Operativa de Investigaci\u00f3n de Delitos Cometidos contra la Mujer por Raz\u00f3n de G\u00e9nero, de Vicefiscal\u00eda Regional de la Costa que logr\u00f3 reunir pruebas suficientes para obtener la orden de aprehensi\u00f3n contra el imputado.<\/p>\n<p style=\"font-weight: 400; text-align: justify;\">Luego de presentar a M.T.P. ante el Juez que atiende la causa, este \u00faltimo determin\u00f3 vincularlo a proceso, por lo que impuso la medida de prisi\u00f3n preventiva oficiosa y otorg\u00f3 tres meses para el cierre de las investigaciones.<\/p>\n<p style=\"font-weight: 400; text-align: justify;\">La Fiscal\u00eda aborda con perspectiva de g\u00e9nero los casos de violencia contra mujeres, para realizar investigaciones focalizadas en las particularidades de la v\u00edctima y as\u00ed, brindar acompa\u00f1amiento integral durante el\u00a0proceso\u00a0penal.<\/p>\n","protected":false},"author":1,"featured_media":3175,"comment_status":"closed","ping_status":"closed","template":"","tags":[],"categoria_noticias":[],"class_list":["post-15538","noticias","type-noticias","status-publish","has-post-thumbnail","hentry"],"acf":[],"mb":[],"mfb_rest_fields":["title","gutenberg_elementor_mode"],"_links":{"self":[{"href":"https:\/\/portal.fgeo.gob.mx\/index.php\/wp-json\/wp\/v2\/noticias\/15538","targetHints":{"allow":["GET"]}}],"collection":[{"href":"https:\/\/portal.fgeo.gob.mx\/index.php\/wp-json\/wp\/v2\/noticias"}],"about":[{"href":"https:\/\/portal.fgeo.gob.mx\/index.php\/wp-json\/wp\/v2\/types\/noticias"}],"author":[{"embeddable":true,"href":"https:\/\/portal.fgeo.gob.mx\/index.php\/wp-json\/wp\/v2\/users\/1"}],"replies":[{"embeddable":true,"href":"https:\/\/portal.fgeo.gob.mx\/index.php\/wp-json\/wp\/v2\/comments?post=15538"}],"wp:featuredmedia":[{"embeddable":true,"href":"https:\/\/portal.fgeo.gob.mx\/index.php\/wp-json\/"}],"wp:attachment":[{"href":"https:\/\/portal.fgeo.gob.mx\/index.php\/wp-json\/wp\/v2\/media?parent=15538"}],"wp:term":[{"taxonomy":"post_tag","embeddable":true,"href":"https:\/\/portal.fgeo.gob.mx\/index.php\/wp-json\/wp\/v2\/tags?post=15538"},{"taxonomy":"categoria_noticias","embeddable":true,"href":"https:\/\/portal.fgeo.gob.mx\/index.php\/wp-json\/wp\/v2\/categoria_noticias?post=15538"}],"curies":[{"name":"wp","href":"https:\/\/api.w.org\/{rel}","templated":true}]}}