{"id":15537,"date":"2023-02-27T19:07:52","date_gmt":"2023-02-28T01:07:52","guid":{"rendered":"http:\/\/fge.oaxaca.gob.mx\/?post_type=noticias&amp;p=4878"},"modified":"2023-02-27T19:07:52","modified_gmt":"2023-02-28T01:07:52","slug":"inicia-fgeo-investigaciones-por-hechos-de-violencia-en-atepec","status":"publish","type":"noticias","link":"https:\/\/portal.fgeo.gob.mx\/index.php\/archivos\/noticias\/inicia-fgeo-investigaciones-por-hechos-de-violencia-en-atepec","title":{"rendered":"Inicia FGEO investigaciones por hechos de violencia en Atepec"},"content":{"rendered":"<p style=\"font-weight: 400; text-align: justify;\"><strong>Oaxaca de Ju\u00e1rez, Oax., 27 febrero de 2023.-\u00a0<\/strong>La<strong>\u00a0<\/strong>Fiscal\u00eda General del Estado de Oaxaca (FGEO), inici\u00f3 una investigaci\u00f3n por la ocurrencia de presuntos actos de violencia en San Juan Atepec, donde personal de esta instituci\u00f3n acudi\u00f3 la madrugada de este lunes, luego de haber recibido denuncias por parte de pobladores.<\/p>\n<p style=\"font-weight: 400; text-align: justify;\">Sin embargo, ante el cierre de las v\u00edas de acceso a la poblaci\u00f3n, no ha sido posible ingresar para llevar a cabo las investigaciones correspondientes.<\/p>\n<p style=\"font-weight: 400; text-align: justify;\">Hasta el momento, la instituci\u00f3n se encuentra a la espera de que se abran los accesos, para que el Ministerio P\u00fablico, as\u00ed como un equipo multidisciplinario de investigaci\u00f3n cient\u00edfica pueda ingresar a la comunidad perteneciente a la Sierra Ju\u00e1rez, para realizar las labores correspondientes.<\/p>\n<p style=\"font-weight: 400; text-align: justify;\">La FGEO reiter\u00f3 su compromiso de realizar las diligencias para atender y resolver hechos delictivos en la entidad.<\/p>\n","protected":false},"author":1,"featured_media":0,"comment_status":"closed","ping_status":"closed","template":"","tags":[],"categoria_noticias":[],"class_list":["post-15537","noticias","type-noticias","status-publish","hentry"],"acf":[],"mb":[],"mfb_rest_fields":["title","gutenberg_elementor_mode"],"_links":{"self":[{"href":"https:\/\/portal.fgeo.gob.mx\/index.php\/wp-json\/wp\/v2\/noticias\/15537","targetHints":{"allow":["GET"]}}],"collection":[{"href":"https:\/\/portal.fgeo.gob.mx\/index.php\/wp-json\/wp\/v2\/noticias"}],"about":[{"href":"https:\/\/portal.fgeo.gob.mx\/index.php\/wp-json\/wp\/v2\/types\/noticias"}],"author":[{"embeddable":true,"href":"https:\/\/portal.fgeo.gob.mx\/index.php\/wp-json\/wp\/v2\/users\/1"}],"replies":[{"embeddable":true,"href":"https:\/\/portal.fgeo.gob.mx\/index.php\/wp-json\/wp\/v2\/comments?post=15537"}],"wp:attachment":[{"href":"https:\/\/portal.fgeo.gob.mx\/index.php\/wp-json\/wp\/v2\/media?parent=15537"}],"wp:term":[{"taxonomy":"post_tag","embeddable":true,"href":"https:\/\/portal.fgeo.gob.mx\/index.php\/wp-json\/wp\/v2\/tags?post=15537"},{"taxonomy":"categoria_noticias","embeddable":true,"href":"https:\/\/portal.fgeo.gob.mx\/index.php\/wp-json\/wp\/v2\/categoria_noticias?post=15537"}],"curies":[{"name":"wp","href":"https:\/\/api.w.org\/{rel}","templated":true}]}}