{"id":15535,"date":"2023-02-25T12:24:41","date_gmt":"2023-02-25T18:24:41","guid":{"rendered":"http:\/\/fge.oaxaca.gob.mx\/?post_type=noticias&amp;p=4876"},"modified":"2023-02-25T12:24:41","modified_gmt":"2023-02-25T18:24:41","slug":"ejecuta-fiscalia-de-oaxaca-orden-de-aprehension-por-delito-de-feminicidio-agravado-ocurrido-en-santa-rosa","status":"publish","type":"noticias","link":"https:\/\/portal.fgeo.gob.mx\/index.php\/archivos\/noticias\/ejecuta-fiscalia-de-oaxaca-orden-de-aprehension-por-delito-de-feminicidio-agravado-ocurrido-en-santa-rosa","title":{"rendered":"Ejecuta Fiscal\u00eda de Oaxaca orden de aprehensi\u00f3n por delito de feminicidio agravado, ocurrido en Santa Rosa"},"content":{"rendered":"<p style=\"font-weight: 400; text-align: justify;\"><strong>Oaxaca de Ju\u00e1rez, Oax., 25 de febrero de 2023.-\u00a0<\/strong>La Fiscal\u00eda General del Estado de Oaxaca (FGEO) ejecut\u00f3 una orden de aprehensi\u00f3n contra una persona identificada con las iniciales A.G.D. por el delito de feminicidio agravado cometido contra dos mujeres, quienes eran sus hijas.<\/p>\n<p style=\"font-weight: 400; text-align: justify;\">Este 24 de febrero, luego de que se solicitara y librara la orden de aprehensi\u00f3n, elementos de la Agencia Estatal de Investigaciones dieron cumplimiento a la misma, cuando el imputado se encontraba internado en un hospital.<\/p>\n<p style=\"font-weight: 400; text-align: justify;\">De acuerdo con las investigaciones, las v\u00edctimas &#8211;identificadas con las iniciales X.A.G.R de 19 a\u00f1os y N.G.R de 17 a\u00f1os&#8211; fueron agredidas con un objeto contundente mientras se encontraban en su domicilio ubicado en la agencia municipal de Santa Rosa Panzacola, Oaxaca, caus\u00e1ndoles lesiones que les provocaron la muerte.<\/p>\n<p style=\"font-weight: 400; text-align: justify;\">Posteriormente, el imputado atent\u00f3 contra su vida, y tras solicitar la intervenci\u00f3n de equipos de emergencia, fue llevado a un hospital para recibir atenci\u00f3n m\u00e9dica.<\/p>\n<p style=\"font-weight: 400; text-align: justify;\">La Fiscal\u00eda General de Justicia del Estado refrenda su compromiso de procurar justicia a las v\u00edctimas directas e indirectas de delitos relacionados con violencia\u00a0de\u00a0g\u00e9nero.<\/p>\n","protected":false},"author":1,"featured_media":3175,"comment_status":"closed","ping_status":"closed","template":"","tags":[],"categoria_noticias":[],"class_list":["post-15535","noticias","type-noticias","status-publish","has-post-thumbnail","hentry"],"acf":[],"mb":[],"mfb_rest_fields":["title","gutenberg_elementor_mode"],"_links":{"self":[{"href":"https:\/\/portal.fgeo.gob.mx\/index.php\/wp-json\/wp\/v2\/noticias\/15535","targetHints":{"allow":["GET"]}}],"collection":[{"href":"https:\/\/portal.fgeo.gob.mx\/index.php\/wp-json\/wp\/v2\/noticias"}],"about":[{"href":"https:\/\/portal.fgeo.gob.mx\/index.php\/wp-json\/wp\/v2\/types\/noticias"}],"author":[{"embeddable":true,"href":"https:\/\/portal.fgeo.gob.mx\/index.php\/wp-json\/wp\/v2\/users\/1"}],"replies":[{"embeddable":true,"href":"https:\/\/portal.fgeo.gob.mx\/index.php\/wp-json\/wp\/v2\/comments?post=15535"}],"wp:featuredmedia":[{"embeddable":true,"href":"https:\/\/portal.fgeo.gob.mx\/index.php\/wp-json\/"}],"wp:attachment":[{"href":"https:\/\/portal.fgeo.gob.mx\/index.php\/wp-json\/wp\/v2\/media?parent=15535"}],"wp:term":[{"taxonomy":"post_tag","embeddable":true,"href":"https:\/\/portal.fgeo.gob.mx\/index.php\/wp-json\/wp\/v2\/tags?post=15535"},{"taxonomy":"categoria_noticias","embeddable":true,"href":"https:\/\/portal.fgeo.gob.mx\/index.php\/wp-json\/wp\/v2\/categoria_noticias?post=15535"}],"curies":[{"name":"wp","href":"https:\/\/api.w.org\/{rel}","templated":true}]}}