{"id":15534,"date":"2023-02-24T16:14:40","date_gmt":"2023-02-24T22:14:40","guid":{"rendered":"http:\/\/fge.oaxaca.gob.mx\/?post_type=noticias&amp;p=4875"},"modified":"2023-02-24T16:14:40","modified_gmt":"2023-02-24T22:14:40","slug":"se-reune-fiscal-de-oaxaca-con-embajadora-de-noruega","status":"publish","type":"noticias","link":"https:\/\/portal.fgeo.gob.mx\/index.php\/archivos\/noticias\/se-reune-fiscal-de-oaxaca-con-embajadora-de-noruega","title":{"rendered":"Se re\u00fane Fiscal de Oaxaca con Embajadora de Noruega"},"content":{"rendered":"<p style=\"font-weight: 400; text-align: justify;\"><strong>Oaxaca de Ju\u00e1rez, Oax., 24 de febrero de 2023.-\u00a0<\/strong>\u00a0Al establecer una reuni\u00f3n con la Embajadora de Noruega en M\u00e9xico, Ragnhild Imerslund, el Fiscal General del Estado de Oaxaca, Bernardo Rodr\u00edguez Alamilla plante\u00f3 la importancia de llevar a cabo una reestructuraci\u00f3n del sistema de procuraci\u00f3n de justicia, que permita brindar una atenci\u00f3n integral a las v\u00edctimas, as\u00ed como fomentar el ejercicio del di\u00e1logo y acuerdos resarcitorios inmediatos en casos de delitos no graves.<\/p>\n<p style=\"font-weight: 400; text-align: justify;\">Durante el encuentro, Rodr\u00edguez Alamilla present\u00f3 ante la Embajadora un an\u00e1lisis desde distintos \u00e1ngulos, las condiciones de la entidad en materia de defensores de tierra y territorio, as\u00ed como de violencia contra las mujeres.<\/p>\n<p style=\"font-weight: 400; text-align: justify;\">El Fiscal General sostuvo que es indispensable atender de manera integral ambas problem\u00e1ticas, tomando en consideraci\u00f3n los contextos sociales, culturales, as\u00ed como en materia de procuraci\u00f3n de justicia.<\/p>\n<p style=\"font-weight: 400; text-align: justify;\">\u201cLa Fiscal\u00eda interviene en el \u00faltimo eslab\u00f3n, cuando se constituye el delito, pero es necesario prevenir las conductas mediante la creaci\u00f3n de pol\u00edticas p\u00fablicas, as\u00ed como de un andamiaje coordinado entre las instituciones sociales y de seguridad p\u00fablica, es decir, a trav\u00e9s de acciones conjuntas interinstitucionales, respaldadas por la sociedad civil\u201d, plante\u00f3.<\/p>\n<p style=\"font-weight: 400; text-align: justify;\">Tambi\u00e9n, sostuvo que es indispensable incentivar y robustecer los procesos de justicia alternativa y\/o c\u00edvica, para lograr la resoluci\u00f3n de conflictos que as\u00ed lo permitan, de manera pac\u00edfica y con acciones restaurativas.<\/p>\n<p style=\"font-weight: 400; text-align: justify;\">Asimismo, indic\u00f3 que entre las acciones inmediatas de la Fiscal\u00eda General del Estado de Oaxaca se encuentra realizar un plan de atenci\u00f3n institucional que permita eficientar la infraestructura material y humana con que cuenta la FGEO, para brindar atenci\u00f3n con calidez a las v\u00edctimas de violencia de g\u00e9nero.<\/p>\n<p style=\"font-weight: 400; text-align: justify;\">Pues, sostuvo, se ha identificado que los principales delitos que se comenten en Oaxaca tienen que ver con violencia familiar, por lo que es fundamental establecer atenci\u00f3n a las mujeres, a trav\u00e9s del fortalecimiento de los Ministerios P\u00fablicos, evitando la revictimizaci\u00f3n y dando un seguimiento puntual con perspectiva de g\u00e9nero.<\/p>\n<p style=\"font-weight: 400; text-align: justify;\">En ese sentido, Rodr\u00edguez Alamilla apunt\u00f3 que en la Fiscal\u00eda se encuentra en marcha una reingenier\u00eda de procesos, para hacer m\u00e1s eficientes los resultados.<\/p>\n<p style=\"font-weight: 400; text-align: justify;\">Por su parte, la Embajadora de Noruega indic\u00f3 que en su pa\u00eds de origen, existe un planteamiento que permite conciliar los desacuerdos y evitar la estigmatizaci\u00f3n de las personas, a trav\u00e9s de justicia alternativa.<\/p>\n<p style=\"font-weight: 400; text-align: justify;\">As\u00ed tambi\u00e9n, la diplom\u00e1tica indic\u00f3 que el motivo de su visita consiste en establecer encuentros con autoridades estatales y socios en la entidad, por lo que reiter\u00f3 el trabajo coordinado con el Estado mexicano.<\/p>\n","protected":false},"author":1,"featured_media":3175,"comment_status":"closed","ping_status":"closed","template":"","tags":[],"categoria_noticias":[],"class_list":["post-15534","noticias","type-noticias","status-publish","has-post-thumbnail","hentry"],"acf":[],"mb":[],"mfb_rest_fields":["title","gutenberg_elementor_mode"],"_links":{"self":[{"href":"https:\/\/portal.fgeo.gob.mx\/index.php\/wp-json\/wp\/v2\/noticias\/15534","targetHints":{"allow":["GET"]}}],"collection":[{"href":"https:\/\/portal.fgeo.gob.mx\/index.php\/wp-json\/wp\/v2\/noticias"}],"about":[{"href":"https:\/\/portal.fgeo.gob.mx\/index.php\/wp-json\/wp\/v2\/types\/noticias"}],"author":[{"embeddable":true,"href":"https:\/\/portal.fgeo.gob.mx\/index.php\/wp-json\/wp\/v2\/users\/1"}],"replies":[{"embeddable":true,"href":"https:\/\/portal.fgeo.gob.mx\/index.php\/wp-json\/wp\/v2\/comments?post=15534"}],"wp:featuredmedia":[{"embeddable":true,"href":"https:\/\/portal.fgeo.gob.mx\/index.php\/wp-json\/"}],"wp:attachment":[{"href":"https:\/\/portal.fgeo.gob.mx\/index.php\/wp-json\/wp\/v2\/media?parent=15534"}],"wp:term":[{"taxonomy":"post_tag","embeddable":true,"href":"https:\/\/portal.fgeo.gob.mx\/index.php\/wp-json\/wp\/v2\/tags?post=15534"},{"taxonomy":"categoria_noticias","embeddable":true,"href":"https:\/\/portal.fgeo.gob.mx\/index.php\/wp-json\/wp\/v2\/categoria_noticias?post=15534"}],"curies":[{"name":"wp","href":"https:\/\/api.w.org\/{rel}","templated":true}]}}