{"id":15530,"date":"2023-02-21T15:48:26","date_gmt":"2023-02-21T21:48:26","guid":{"rendered":"http:\/\/fge.oaxaca.gob.mx\/?post_type=noticias&amp;p=4870"},"modified":"2023-02-21T15:48:26","modified_gmt":"2023-02-21T21:48:26","slug":"queda-bajo-custodia-un-hombre-por-el-feminicidio-de-dos-mujeres-ocurrido-en-santa-rosa-fiscalia-de-oaxaca","status":"publish","type":"noticias","link":"https:\/\/portal.fgeo.gob.mx\/index.php\/archivos\/noticias\/queda-bajo-custodia-un-hombre-por-el-feminicidio-de-dos-mujeres-ocurrido-en-santa-rosa-fiscalia-de-oaxaca","title":{"rendered":"Queda bajo custodia un hombre por el feminicidio de dos mujeres ocurrido en Santa Rosa: Fiscal\u00eda de Oaxaca"},"content":{"rendered":"<p style=\"font-weight: 400;\"><strong>Oaxaca de Ju\u00e1rez, Oax., a 21 de febrero de 2023.-\u00a0<\/strong>La Fiscal\u00eda General del Estado de Oaxaca inici\u00f3 investigaciones por el delito de Feminicidio cometido durante la noche del 20 de febrero, en contra de dos mujeres, en la capital de Oaxaca. Adem\u00e1s, hay una persona del sexo masculino \u2014padre de las v\u00edctimas\u2014, quien est\u00e1 lesionada e internada en un hospital bajo custodia por su presunta responsabilidad en estos hechos.<\/p>\n<p style=\"font-weight: 400;\">La FGEO intervino a trav\u00e9s de la Fiscal\u00eda Especializada para la Atenci\u00f3n a Delitos Contra la Mujer por Raz\u00f3n de G\u00e9nero que despleg\u00f3 al Grupo de Investigaci\u00f3n de Feminicidios para atender el caso de manera especializada.<\/p>\n<p style=\"font-weight: 400;\">La ma\u00f1ana de este martes 21 de febrero, luego de una llamada, se localizaron los cuerpos sin vida de dos mujeres identificadas por las iniciales X. G. R. (17 a\u00f1os de edad) y N. G. R. (19 a\u00f1os de edad), adem\u00e1s que, en el mismo sitio, encontraron a un hombre identificado como M. A. G. D., quien estaba lesionado por lo que fue trasladado a un hospital para su atenci\u00f3n m\u00e9dica, donde permanece internado y bajo custodia, por lo que, al ser dado de alta ser\u00e1 puesto a disposici\u00f3n de las autoridades correspondientes para determinar su situaci\u00f3n jur\u00eddica.<\/p>\n<p style=\"font-weight: 400;\">De acuerdo con las primeras indagatorias, los hechos ocurrieron durante la noche del 20 de febrero en un domicilio particular del Fraccionamiento Orqu\u00eddeas, de la agencia municipal de Santa Rosa Panzacola en la capital del estado.<\/p>\n<p style=\"font-weight: 400;\">La Fiscal\u00eda de Oaxaca investiga los delitos cometidos por raz\u00f3n de g\u00e9nero a trav\u00e9s de equipos especializados, enfocados en atender las particularidades de las v\u00edctimas y as\u00ed dar con quien resulte responsable de estas conductas criminales.<\/p>\n","protected":false},"author":1,"featured_media":3175,"comment_status":"closed","ping_status":"closed","template":"","tags":[],"categoria_noticias":[],"class_list":["post-15530","noticias","type-noticias","status-publish","has-post-thumbnail","hentry"],"acf":[],"mb":[],"mfb_rest_fields":["title","gutenberg_elementor_mode"],"_links":{"self":[{"href":"https:\/\/portal.fgeo.gob.mx\/index.php\/wp-json\/wp\/v2\/noticias\/15530","targetHints":{"allow":["GET"]}}],"collection":[{"href":"https:\/\/portal.fgeo.gob.mx\/index.php\/wp-json\/wp\/v2\/noticias"}],"about":[{"href":"https:\/\/portal.fgeo.gob.mx\/index.php\/wp-json\/wp\/v2\/types\/noticias"}],"author":[{"embeddable":true,"href":"https:\/\/portal.fgeo.gob.mx\/index.php\/wp-json\/wp\/v2\/users\/1"}],"replies":[{"embeddable":true,"href":"https:\/\/portal.fgeo.gob.mx\/index.php\/wp-json\/wp\/v2\/comments?post=15530"}],"wp:featuredmedia":[{"embeddable":true,"href":"https:\/\/portal.fgeo.gob.mx\/index.php\/wp-json\/"}],"wp:attachment":[{"href":"https:\/\/portal.fgeo.gob.mx\/index.php\/wp-json\/wp\/v2\/media?parent=15530"}],"wp:term":[{"taxonomy":"post_tag","embeddable":true,"href":"https:\/\/portal.fgeo.gob.mx\/index.php\/wp-json\/wp\/v2\/tags?post=15530"},{"taxonomy":"categoria_noticias","embeddable":true,"href":"https:\/\/portal.fgeo.gob.mx\/index.php\/wp-json\/wp\/v2\/categoria_noticias?post=15530"}],"curies":[{"name":"wp","href":"https:\/\/api.w.org\/{rel}","templated":true}]}}