{"id":15529,"date":"2023-02-16T20:46:58","date_gmt":"2023-02-17T02:46:58","guid":{"rendered":"http:\/\/fge.oaxaca.gob.mx\/?post_type=noticias&amp;p=4868"},"modified":"2023-02-16T20:46:58","modified_gmt":"2023-02-17T02:46:58","slug":"por-hechos-cometidos-en-el-istmo-de-tehuantepec-un-hombre-fue-detenido-y-puesto-a-disposicion-del-mp-por-tentativa-de-feminicidio-fiscalia-de-oaxaca","status":"publish","type":"noticias","link":"https:\/\/portal.fgeo.gob.mx\/index.php\/archivos\/noticias\/por-hechos-cometidos-en-el-istmo-de-tehuantepec-un-hombre-fue-detenido-y-puesto-a-disposicion-del-mp-por-tentativa-de-feminicidio-fiscalia-de-oaxaca","title":{"rendered":"Por hechos cometidos en el Istmo de Tehuantepec Un hombre fue detenido y puesto a disposici\u00f3n del MP por tentativa de feminicidio: Fiscal\u00eda de Oaxaca"},"content":{"rendered":"<p style=\"font-weight: 400; text-align: justify;\"><strong>Oaxaca de Ju\u00e1rez, Oax., a 16 de febrero de 2023.-\u00a0<\/strong>Una persona del sexo masculino identificada por las iniciales M. R. V. fue puesta a disposici\u00f3n de un Ministerio P\u00fablico de la Fiscal\u00eda General del Estado de Oaxaca (FGEO), por el delito de feminicidio en grado de tentativa, cometido en el municipio de Ixtepec, en el Istmo de Tehuantepec, donde elementos polic\u00edacos de dicha localidad lo detuvieron.<\/p>\n<p style=\"font-weight: 400; text-align: justify;\">La detenci\u00f3n -ocurrida la tarde de este jueves- est\u00e1 dentro del plazo constitucional para que la FGEO presente a M.R.V a la audiencia de control de detenci\u00f3n ante el Juez del caso para que determine su situaci\u00f3n jur\u00eddica.<\/p>\n<p style=\"font-weight: 400; text-align: justify;\">Previamente, la v\u00edctima present\u00f3 una denuncia, en la que narr\u00f3 la agresi\u00f3n cometida por un hombre, quien lanz\u00f3 un artefacto con una sustancia qu\u00edmica (que se encuentra en an\u00e1lisis pericial) cerca de su persona, por lo que la FGEO atendi\u00f3 el caso con perspectiva de g\u00e9nero, a trav\u00e9s de la Vicefiscal\u00eda Regional del Istmo.<\/p>\n<p style=\"font-weight: 400; text-align: justify;\">La instituci\u00f3n dio intervenci\u00f3n al Centro de Justicia para las Mujeres de esa regi\u00f3n, y a diferentes \u00e1reas para otorgar un esquema de atenci\u00f3n psicol\u00f3gica, m\u00e9dica y jur\u00eddica, a la v\u00edctima directa e indirectas, brindada por la Vicefiscal\u00eda para Atenci\u00f3n a V\u00edctimas y a la Sociedad.<\/p>\n<p style=\"font-weight: 400; text-align: justify;\">De acuerdo con la denuncia, los hechos ocurrieron en diferentes ocasiones, cuando un hombre realiz\u00f3 diversas acciones de agresi\u00f3n y acoso en contra de la v\u00edctima, entre ellas, la del pasado 14 de febrero, cuando el agresor acudi\u00f3 al trabajo de la v\u00edctima para insultarla y posteriormente lanzar un artefacto que se encuentra bajo investigaci\u00f3n pericial.<\/p>\n<p style=\"font-weight: 400; text-align: justify;\">Derivado de estas denuncias, la Fiscal\u00eda de Oaxaca emiti\u00f3 medidas de protecci\u00f3n a favor de la v\u00edctima para restringir el acercamiento de quien represente un riesgo potencial para la integridad personal y familiar.<\/p>\n<p style=\"font-weight: 400; text-align: justify;\">En delitos de violencia de g\u00e9nero, la FGEO da atenci\u00f3n especializada, adem\u00e1s de brindar servicios integrales y multidisciplinarios para atender las diferentes necesidades particulares de\u00a0las\u00a0v\u00edctimas.<\/p>\n","protected":false},"author":1,"featured_media":3175,"comment_status":"closed","ping_status":"closed","template":"","tags":[],"categoria_noticias":[],"class_list":["post-15529","noticias","type-noticias","status-publish","has-post-thumbnail","hentry"],"acf":[],"mb":[],"mfb_rest_fields":["title","gutenberg_elementor_mode"],"_links":{"self":[{"href":"https:\/\/portal.fgeo.gob.mx\/index.php\/wp-json\/wp\/v2\/noticias\/15529","targetHints":{"allow":["GET"]}}],"collection":[{"href":"https:\/\/portal.fgeo.gob.mx\/index.php\/wp-json\/wp\/v2\/noticias"}],"about":[{"href":"https:\/\/portal.fgeo.gob.mx\/index.php\/wp-json\/wp\/v2\/types\/noticias"}],"author":[{"embeddable":true,"href":"https:\/\/portal.fgeo.gob.mx\/index.php\/wp-json\/wp\/v2\/users\/1"}],"replies":[{"embeddable":true,"href":"https:\/\/portal.fgeo.gob.mx\/index.php\/wp-json\/wp\/v2\/comments?post=15529"}],"wp:featuredmedia":[{"embeddable":true,"href":"https:\/\/portal.fgeo.gob.mx\/index.php\/wp-json\/"}],"wp:attachment":[{"href":"https:\/\/portal.fgeo.gob.mx\/index.php\/wp-json\/wp\/v2\/media?parent=15529"}],"wp:term":[{"taxonomy":"post_tag","embeddable":true,"href":"https:\/\/portal.fgeo.gob.mx\/index.php\/wp-json\/wp\/v2\/tags?post=15529"},{"taxonomy":"categoria_noticias","embeddable":true,"href":"https:\/\/portal.fgeo.gob.mx\/index.php\/wp-json\/wp\/v2\/categoria_noticias?post=15529"}],"curies":[{"name":"wp","href":"https:\/\/api.w.org\/{rel}","templated":true}]}}