{"id":15528,"date":"2023-02-16T13:58:39","date_gmt":"2023-02-16T19:58:39","guid":{"rendered":"http:\/\/fge.oaxaca.gob.mx\/?post_type=noticias&amp;p=4867"},"modified":"2023-02-16T13:58:39","modified_gmt":"2023-02-16T19:58:39","slug":"nombra-fiscal-de-oaxaca-bernardo-rodriguez-alamilla-a-oficial-mayor-de-fgeo","status":"publish","type":"noticias","link":"https:\/\/portal.fgeo.gob.mx\/index.php\/archivos\/noticias\/nombra-fiscal-de-oaxaca-bernardo-rodriguez-alamilla-a-oficial-mayor-de-fgeo","title":{"rendered":"Nombra Fiscal de Oaxaca, Bernardo Rodr\u00edguez Alamilla, a Oficial Mayor de FGEO"},"content":{"rendered":"<p style=\"font-weight: 400; text-align: justify;\"><strong>Oaxaca de Ju\u00e1rez, Oax., 16 de febrero de 2023.-\u00a0<\/strong>El Fiscal General del Estado de Oaxaca, Bernardo Rodr\u00edguez Alamilla, tom\u00f3 protesta a la maestra Arima Ojeda Santiago como Oficial Mayor de la instituci\u00f3n.<\/p>\n<p style=\"font-weight: 400; text-align: justify;\">Al realizar el acto protocolario, el titular de la FGEO refrend\u00f3 que, como parte de la pol\u00edtica de la instituci\u00f3n y acorde con la austeridad estatal y federal, esta \u00e1rea se conducir\u00e1 a partir de la eficiencia de recursos y reingenier\u00eda institucional.<\/p>\n<p style=\"font-weight: 400; text-align: justify;\">Por su parte, la servidora p\u00fablica que iniciar\u00e1 funciones este 16 de febrero, agradeci\u00f3 la confianza y se comprometi\u00f3 a trabajar para alcanzar las metas y objetivos fijados, adem\u00e1s de cumplir a cabalidad con la normatividad vigente.<\/p>\n<p style=\"font-weight: 400; text-align: justify;\">Arima Ojeda Santiago es maestra en Derecho Fiscal y Tributario por la Universidad An\u00e1huac de Oaxaca y licenciada en Derecho por la misma instituci\u00f3n, adem\u00e1s de contar con diversos diplomados, entre ellos, en Derecho Fiscal \u2013 Notarial y Prevenci\u00f3n de Lavado de Dinero, impartido por la Universidad Nacional Aut\u00f3noma de M\u00e9xico, en conjunto con el Colegio Nacional del Notariado Mexicano.<\/p>\n<p style=\"font-weight: 400; text-align: justify;\">La oficial mayor reci\u00e9n nombrada se ha desempe\u00f1ado como abogada litigante, as\u00ed como titular de \u00e1reas administrativas en instituciones p\u00fablicas y empresas privadas.<\/p>\n","protected":false},"author":1,"featured_media":3175,"comment_status":"closed","ping_status":"closed","template":"","tags":[],"categoria_noticias":[],"class_list":["post-15528","noticias","type-noticias","status-publish","has-post-thumbnail","hentry"],"acf":[],"mb":[],"mfb_rest_fields":["title","gutenberg_elementor_mode"],"_links":{"self":[{"href":"https:\/\/portal.fgeo.gob.mx\/index.php\/wp-json\/wp\/v2\/noticias\/15528","targetHints":{"allow":["GET"]}}],"collection":[{"href":"https:\/\/portal.fgeo.gob.mx\/index.php\/wp-json\/wp\/v2\/noticias"}],"about":[{"href":"https:\/\/portal.fgeo.gob.mx\/index.php\/wp-json\/wp\/v2\/types\/noticias"}],"author":[{"embeddable":true,"href":"https:\/\/portal.fgeo.gob.mx\/index.php\/wp-json\/wp\/v2\/users\/1"}],"replies":[{"embeddable":true,"href":"https:\/\/portal.fgeo.gob.mx\/index.php\/wp-json\/wp\/v2\/comments?post=15528"}],"wp:featuredmedia":[{"embeddable":true,"href":"https:\/\/portal.fgeo.gob.mx\/index.php\/wp-json\/"}],"wp:attachment":[{"href":"https:\/\/portal.fgeo.gob.mx\/index.php\/wp-json\/wp\/v2\/media?parent=15528"}],"wp:term":[{"taxonomy":"post_tag","embeddable":true,"href":"https:\/\/portal.fgeo.gob.mx\/index.php\/wp-json\/wp\/v2\/tags?post=15528"},{"taxonomy":"categoria_noticias","embeddable":true,"href":"https:\/\/portal.fgeo.gob.mx\/index.php\/wp-json\/wp\/v2\/categoria_noticias?post=15528"}],"curies":[{"name":"wp","href":"https:\/\/api.w.org\/{rel}","templated":true}]}}