{"id":15525,"date":"2023-02-13T17:52:17","date_gmt":"2023-02-13T23:52:17","guid":{"rendered":"http:\/\/fge.oaxaca.gob.mx\/?post_type=noticias&amp;p=4863"},"modified":"2023-02-13T17:52:17","modified_gmt":"2023-02-13T23:52:17","slug":"obtiene-fiscalia-de-oaxaca-prision-preventiva-por-homicidio-contra-dos-personas","status":"publish","type":"noticias","link":"https:\/\/portal.fgeo.gob.mx\/index.php\/archivos\/noticias\/obtiene-fiscalia-de-oaxaca-prision-preventiva-por-homicidio-contra-dos-personas","title":{"rendered":"Obtiene Fiscal\u00eda de Oaxaca prisi\u00f3n preventiva por homicidio contra dos personas"},"content":{"rendered":"<ul>\n<li style=\"font-weight: 400; text-align: justify;\"><em>Con estas dos detenciones, suman seis personas bajo proceso penal<\/em><\/li>\n<\/ul>\n<p style=\"font-weight: 400; text-align: justify;\"><strong>Oaxaca de Ju\u00e1rez, Oax., a 13 de febrero de 2023.-\u00a0<\/strong>La Fiscal\u00eda General del Estado de Oaxaca (FGEO) obtuvo la imputaci\u00f3n y prisi\u00f3n preventiva contra dos personas por el delito de homicidio calificado, cometido en un domicilio particular ubicado en el centro de Oaxaca de Ju\u00e1rez, en agravio de dos personas. Por este caso, ya son seis personas quienes est\u00e1n bajo proceso penal.<\/p>\n<p style=\"font-weight: 400; text-align: justify;\">Luego de ejecutar la orden de aprehensi\u00f3n, S. O. O. y C. M. A. L. fueron puestos a disposici\u00f3n del Juez de Control, quien calific\u00f3 de legal la detenci\u00f3n, ante lo cual, la defensa se reserv\u00f3 el derecho a declarar e hicieron uso del t\u00e9rmino constitucional ampliado. En tanto que, como medida cautelar, el Juez impuso prisi\u00f3n preventiva para los imputados.<\/p>\n<p style=\"font-weight: 400; text-align: justify;\">Los hechos ocurrieron en diciembre de 2019, cuando un grupo de personas ingres\u00f3 a un domicilio particular ubicado en la calle de J. P. Garc\u00eda del Centro Hist\u00f3rico, donde cometieron el delito de homicidio en contra de dos personas identificadas por las iniciales J. O. M. y G. C. H. M. (un hombre y una mujer).<\/p>\n<p style=\"font-weight: 400; text-align: justify;\">La FGEO intervino, a trav\u00e9s de la Fiscal\u00eda Especializada para la Atenci\u00f3n a Delitos de Alto Impacto, misma que realiz\u00f3 las investigaciones al respecto, derivada de las cuales hay seis personas bajo proceso penal, cuatro de ellas est\u00e1n vinculadas a proceso: L. S. C., Z. Z. L., S. P. L. e I. J. C. R.<\/p>\n<p style=\"font-weight: 400; text-align: justify;\">En delitos de Alto Impacto, la Fiscal\u00eda General del Estado de Oaxaca realiza investigaciones con personal especializado y capacitado para asegurarse que las v\u00edctimas directas e indirectas tengan pleno acceso a la justicia.<\/p>\n","protected":false},"author":1,"featured_media":3175,"comment_status":"closed","ping_status":"closed","template":"","tags":[],"categoria_noticias":[],"class_list":["post-15525","noticias","type-noticias","status-publish","has-post-thumbnail","hentry"],"acf":[],"mb":[],"mfb_rest_fields":["title","gutenberg_elementor_mode"],"_links":{"self":[{"href":"https:\/\/portal.fgeo.gob.mx\/index.php\/wp-json\/wp\/v2\/noticias\/15525","targetHints":{"allow":["GET"]}}],"collection":[{"href":"https:\/\/portal.fgeo.gob.mx\/index.php\/wp-json\/wp\/v2\/noticias"}],"about":[{"href":"https:\/\/portal.fgeo.gob.mx\/index.php\/wp-json\/wp\/v2\/types\/noticias"}],"author":[{"embeddable":true,"href":"https:\/\/portal.fgeo.gob.mx\/index.php\/wp-json\/wp\/v2\/users\/1"}],"replies":[{"embeddable":true,"href":"https:\/\/portal.fgeo.gob.mx\/index.php\/wp-json\/wp\/v2\/comments?post=15525"}],"wp:featuredmedia":[{"embeddable":true,"href":"https:\/\/portal.fgeo.gob.mx\/index.php\/wp-json\/"}],"wp:attachment":[{"href":"https:\/\/portal.fgeo.gob.mx\/index.php\/wp-json\/wp\/v2\/media?parent=15525"}],"wp:term":[{"taxonomy":"post_tag","embeddable":true,"href":"https:\/\/portal.fgeo.gob.mx\/index.php\/wp-json\/wp\/v2\/tags?post=15525"},{"taxonomy":"categoria_noticias","embeddable":true,"href":"https:\/\/portal.fgeo.gob.mx\/index.php\/wp-json\/wp\/v2\/categoria_noticias?post=15525"}],"curies":[{"name":"wp","href":"https:\/\/api.w.org\/{rel}","templated":true}]}}