{"id":15521,"date":"2023-02-07T18:38:12","date_gmt":"2023-02-08T00:38:12","guid":{"rendered":"http:\/\/fge.oaxaca.gob.mx\/?post_type=noticias&amp;p=4858"},"modified":"2023-02-07T18:38:12","modified_gmt":"2023-02-08T00:38:12","slug":"comunicado-fiscal-general-de-oaxaca-bernardo-rodriguez-alamilla-sostiene-reunion-con-base-sindical","status":"publish","type":"noticias","link":"https:\/\/portal.fgeo.gob.mx\/index.php\/archivos\/noticias\/comunicado-fiscal-general-de-oaxaca-bernardo-rodriguez-alamilla-sostiene-reunion-con-base-sindical","title":{"rendered":"Comunicado- Fiscal General de Oaxaca, Bernardo Rodr\u00edguez Alamilla sostiene reuni\u00f3n con base sindical"},"content":{"rendered":"<p style=\"font-weight: 400; text-align: justify;\"><strong>Oaxaca de Ju\u00e1rez, Oax., 07 de febrero de 2023.-\u00a0<\/strong>El Fiscal General del Estado de Oaxaca, Bernardo Rodr\u00edguez Alamilla, se reuni\u00f3 con la base trabajadora adherida al Sindicato de Trabajadores de los Poderes del Estado e Instituciones Descentralizadas de Car\u00e1cter Estatal de Oaxaca (STPEIDCEO), adscrita a la FGEO.<\/p>\n<p style=\"font-weight: 400; text-align: justify;\">Ante las y los dirigentes, as\u00ed como el personal sindicalizado, el Fiscal General escuch\u00f3 y atendi\u00f3 las solicitudes realizadas por parte de las y los trabajadores para desempe\u00f1ar de mejor manera su labor cotidiana, adem\u00e1s de recibir la bienvenida.<\/p>\n<p style=\"font-weight: 400; text-align: justify;\">Reconoci\u00f3 los retos hist\u00f3ricos, tanto a nivel estructural como de recursos materiales y humanos a los que hace frente la instituci\u00f3n, por lo que se comprometi\u00f3 a revisar las condiciones en el rubro.<\/p>\n<p style=\"font-weight: 400; text-align: justify;\">\u201cLes ofrezco un di\u00e1logo abierto y permanente, pues si bien existen m\u00faltiples demandas, hay un inter\u00e9s genuino en mejorar la situaci\u00f3n de la Fiscal\u00eda, pero es para ello indispensable efectuar un trabajo conjunto\u201d, apunt\u00f3.<\/p>\n<p style=\"font-weight: 400; text-align: justify;\">Luego de entablar reuniones en el edificio Jes\u00fas \u201cChu\u201d Rasgado y \u00c1lvaro Carrillo, ubicados en el complejo de Ciudad Judicial, el Fiscal General de Oaxaca tuvo el respaldo de la base, la cual ofreci\u00f3 trabajo en equipo para fortalecer la Fiscal\u00eda, lo que redunda en mejorar la atenci\u00f3n a la ciudadan\u00eda y principalmente a las v\u00edctimas.<\/p>\n<p style=\"font-weight: 400; text-align: justify;\">\u201cPersonalmente y de manera permanente estar\u00e9 recorriendo las instalaciones de las diferentes \u00e1reas para corroborar las condiciones laborales, as\u00ed como la atenci\u00f3n que se brinda en la instituci\u00f3n\u201d, reiter\u00f3 Rodr\u00edguez Alamilla.<\/p>\n","protected":false},"author":1,"featured_media":3175,"comment_status":"closed","ping_status":"closed","template":"","tags":[],"categoria_noticias":[],"class_list":["post-15521","noticias","type-noticias","status-publish","has-post-thumbnail","hentry"],"acf":[],"mb":[],"mfb_rest_fields":["title","gutenberg_elementor_mode"],"_links":{"self":[{"href":"https:\/\/portal.fgeo.gob.mx\/index.php\/wp-json\/wp\/v2\/noticias\/15521","targetHints":{"allow":["GET"]}}],"collection":[{"href":"https:\/\/portal.fgeo.gob.mx\/index.php\/wp-json\/wp\/v2\/noticias"}],"about":[{"href":"https:\/\/portal.fgeo.gob.mx\/index.php\/wp-json\/wp\/v2\/types\/noticias"}],"author":[{"embeddable":true,"href":"https:\/\/portal.fgeo.gob.mx\/index.php\/wp-json\/wp\/v2\/users\/1"}],"replies":[{"embeddable":true,"href":"https:\/\/portal.fgeo.gob.mx\/index.php\/wp-json\/wp\/v2\/comments?post=15521"}],"wp:featuredmedia":[{"embeddable":true,"href":"https:\/\/portal.fgeo.gob.mx\/index.php\/wp-json\/"}],"wp:attachment":[{"href":"https:\/\/portal.fgeo.gob.mx\/index.php\/wp-json\/wp\/v2\/media?parent=15521"}],"wp:term":[{"taxonomy":"post_tag","embeddable":true,"href":"https:\/\/portal.fgeo.gob.mx\/index.php\/wp-json\/wp\/v2\/tags?post=15521"},{"taxonomy":"categoria_noticias","embeddable":true,"href":"https:\/\/portal.fgeo.gob.mx\/index.php\/wp-json\/wp\/v2\/categoria_noticias?post=15521"}],"curies":[{"name":"wp","href":"https:\/\/api.w.org\/{rel}","templated":true}]}}