{"id":15519,"date":"2023-02-05T14:42:35","date_gmt":"2023-02-05T20:42:35","guid":{"rendered":"http:\/\/fge.oaxaca.gob.mx\/?post_type=noticias&amp;p=4855"},"modified":"2023-02-05T14:42:35","modified_gmt":"2023-02-05T20:42:35","slug":"atiende-fiscal-general-de-oaxaca-bernardo-rodriguez-alamilla-a-colectivos-de-busqueda-personas-desaparecidas","status":"publish","type":"noticias","link":"https:\/\/portal.fgeo.gob.mx\/index.php\/archivos\/noticias\/atiende-fiscal-general-de-oaxaca-bernardo-rodriguez-alamilla-a-colectivos-de-busqueda-personas-desaparecidas","title":{"rendered":"Atiende Fiscal General de Oaxaca, Bernardo Rodr\u00edguez Alamilla a colectivos de b\u00fasqueda personas desaparecidas"},"content":{"rendered":"<p style=\"font-weight: 400; text-align: justify;\"><strong>Oaxaca de Ju\u00e1rez, Oax., 05 de febrero de 2023.-\u00a0<\/strong>Al reunirse con colectivos de b\u00fasqueda de personas, el Fiscal General de Estado de Oaxaca, Bernardo Rodr\u00edguez Alamilla afirm\u00f3 que, como parte de las acciones prioritarias de la instituci\u00f3n, se encuentra la atenci\u00f3n a v\u00edctimas de delitos y violaciones a derechos humanos de lesa humanidad, como es la desaparici\u00f3n.<\/p>\n<p style=\"font-weight: 400; text-align: justify;\">Apunt\u00f3 que la Fiscal\u00eda General de Justicia del Estado emprende una transformaci\u00f3n profunda para hacer eficientes los procesos y brindar acompa\u00f1amiento integral a las v\u00edctimas, lo que sostuvo, es un compromiso que mantiene la administraci\u00f3n reci\u00e9n iniciada.<\/p>\n<p style=\"font-weight: 400; text-align: justify;\">El abogado del estado escuch\u00f3 los planteamientos realizados por familiares de personas desaparecidas, as\u00ed como integrantes de los colectivos Oaxaque\u00f1o Buscando a los Nuestros; Oaxaque\u00f1os exigiendo justicia; Movimiento busco al m\u00edo, buscando a todos y Comit\u00e9 de Familiares de Desaparecidos San Miguel Cajonos.<\/p>\n<p style=\"font-weight: 400; text-align: justify;\">Acompa\u00f1ado por la titular de la Comisi\u00f3n Estatal de B\u00fasqueda, Edilberta Cruz Regino, el delegado de la Secretar\u00eda de Gobernaci\u00f3n en la entidad y representante de la Comisi\u00f3n Nacional de B\u00fasqueda en el estado, Jos\u00e9 Carlos Fuentes Ordaz; los vicefiscales generales de la Zona Centro, Alejandro Ram\u00edrez Hern\u00e1ndez y de Atenci\u00f3n a V\u00edctimas, Marcelo Vega Robledo; as\u00ed como el titular de la Unidad Especializada en Investigaci\u00f3n de Desaparici\u00f3n Forzada de la FGEO, Marcos Antonio Concha, apunt\u00f3 que la desaparici\u00f3n forzada es una problem\u00e1tica que requiere atenci\u00f3n integral y multidisciplinaria.<\/p>\n<p style=\"font-weight: 400; text-align: justify;\">\u201cLa desaparici\u00f3n es un tema no menor en el pa\u00eds y es indispensable articularse interinstitucionalmente y con sociedad civil para dar respuesta y estar a la altura de las circunstancias, porque ninguna instituci\u00f3n por s\u00ed sola podr\u00e1 solucionar el fen\u00f3meno\u201d, apunt\u00f3.<\/p>\n<p style=\"font-weight: 400; text-align: justify;\">Rodr\u00edguez Alamilla agreg\u00f3 que existen temas estructurales que la Fiscal\u00eda tiene que atender, entre ellos la revictimizaci\u00f3n, por lo que es fundamental transformar y lograr que las instituciones se vuelvan humanas, entiendan y atiendan el dolor de las v\u00edctimas, para convertirse en parte de la soluci\u00f3n y no de la problem\u00e1tica.<\/p>\n<p style=\"font-weight: 400; text-align: justify;\">Por tanto, apunt\u00f3 que es indispensable fortalecer la actuaci\u00f3n de la Fiscal\u00eda, as\u00ed como la capacitaci\u00f3n hacia las autoridades municipales para evitar que se pierda tiempo en iniciar el proceso de b\u00fasqueda.<\/p>\n<p style=\"font-weight: 400; text-align: justify;\">El fiscal general reconoci\u00f3 la experiencia y conocimiento que han adquirido los colectivos de b\u00fasqueda, por lo que les convoc\u00f3 a trabajar de manera conjunta, adem\u00e1s de comprometerse a trabajar para afrontar el reto que en Oaxaca y M\u00e9xico significa la desaparici\u00f3n forzada.<\/p>\n<p style=\"font-weight: 400; text-align: justify;\">Por su parte, dirigentes de los colectivos presentaron un pliego petitorio al Fiscal General, adem\u00e1s de solicitar un canal de atenci\u00f3n permanente y abierto, aunado a una estrategia continua y articulada de b\u00fasqueda de personas.<\/p>\n<p style=\"font-weight: 400; text-align: justify;\">As\u00ed tambi\u00e9n se pronunciaron por una atenci\u00f3n intercultural, con perspectiva de g\u00e9nero y reiteraron que los colectivos \u00fanicamente est\u00e1n buscando a sus familiares, por lo que solicitaron el apoyo de todos los municipios para coadyuvar con autorizaci\u00f3n en los recorridos que realizan.<\/p>\n<p style=\"font-weight: 400; text-align: justify;\">\u201cQueremos recuperar la dignidad de nuestros familiares, tener paz y saber que logramos encontrarlos\u201d, se\u00f1alaron.<\/p>\n<p style=\"font-weight: 400; text-align: justify;\">En su oportunidad, la presidenta de la Comisi\u00f3n de B\u00fasqueda y el delegado de la Segob coincidieron en fortalecer lazos de colaboraci\u00f3n, para impulsar una estrategia conjunta de atenci\u00f3n en la materia.<\/p>\n","protected":false},"author":1,"featured_media":3175,"comment_status":"closed","ping_status":"closed","template":"","tags":[],"categoria_noticias":[],"class_list":["post-15519","noticias","type-noticias","status-publish","has-post-thumbnail","hentry"],"acf":[],"mb":[],"mfb_rest_fields":["title","gutenberg_elementor_mode"],"_links":{"self":[{"href":"https:\/\/portal.fgeo.gob.mx\/index.php\/wp-json\/wp\/v2\/noticias\/15519","targetHints":{"allow":["GET"]}}],"collection":[{"href":"https:\/\/portal.fgeo.gob.mx\/index.php\/wp-json\/wp\/v2\/noticias"}],"about":[{"href":"https:\/\/portal.fgeo.gob.mx\/index.php\/wp-json\/wp\/v2\/types\/noticias"}],"author":[{"embeddable":true,"href":"https:\/\/portal.fgeo.gob.mx\/index.php\/wp-json\/wp\/v2\/users\/1"}],"replies":[{"embeddable":true,"href":"https:\/\/portal.fgeo.gob.mx\/index.php\/wp-json\/wp\/v2\/comments?post=15519"}],"wp:featuredmedia":[{"embeddable":true,"href":"https:\/\/portal.fgeo.gob.mx\/index.php\/wp-json\/"}],"wp:attachment":[{"href":"https:\/\/portal.fgeo.gob.mx\/index.php\/wp-json\/wp\/v2\/media?parent=15519"}],"wp:term":[{"taxonomy":"post_tag","embeddable":true,"href":"https:\/\/portal.fgeo.gob.mx\/index.php\/wp-json\/wp\/v2\/tags?post=15519"},{"taxonomy":"categoria_noticias","embeddable":true,"href":"https:\/\/portal.fgeo.gob.mx\/index.php\/wp-json\/wp\/v2\/categoria_noticias?post=15519"}],"curies":[{"name":"wp","href":"https:\/\/api.w.org\/{rel}","templated":true}]}}