{"id":15518,"date":"2023-02-03T11:29:16","date_gmt":"2023-02-03T17:29:16","guid":{"rendered":"http:\/\/fge.oaxaca.gob.mx\/?post_type=noticias&amp;p=4853"},"modified":"2023-02-03T11:29:16","modified_gmt":"2023-02-03T17:29:16","slug":"ejecuta-fiscalia-deoaxaca-orden-de-aprehension-contra-imputado-por-feminicidio-cometido-en-sanandres-huayapam","status":"publish","type":"noticias","link":"https:\/\/portal.fgeo.gob.mx\/index.php\/archivos\/noticias\/ejecuta-fiscalia-deoaxaca-orden-de-aprehension-contra-imputado-por-feminicidio-cometido-en-sanandres-huayapam","title":{"rendered":"Ejecuta Fiscal\u00eda deOaxaca orden de aprehensi\u00f3n contra imputado por feminicidio cometido en SanAndr\u00e9s Huay\u00e1pam"},"content":{"rendered":"<p style=\"font-weight: 400; text-align: justify;\"><strong>Oaxaca de Ju\u00e1rez, Oax., 03 de febrero de 2023.-\u00a0<\/strong>La Fiscal\u00eda General del Estado de Oaxaca (FGEO) cumpliment\u00f3 una orden de aprehensi\u00f3n contra la persona de sexo masculino identificada por las iniciales A. R. H., por el delito de feminicidio agravado, cometido contra M. G. A. G., en hechos ocurridos en el municipio de San Andr\u00e9s Huay\u00e1pam, en la regi\u00f3n de los Valles Centrales.<\/p>\n<p style=\"font-weight: 400; text-align: justify;\">Derivado del trabajo realizado por la FGEO, a partir de la carpeta de investigaci\u00f3n 3557\/FMUJ\/UFEM\/2023, se obtuvo la orden de aprehensi\u00f3n otorgada por el Juez de Control bajo la causa penal 122\/2023, por lo que, durante la madrugada de este viernes 3 de febrero de 2023, elementos de la Agencia Estatal de Investigaciones (AEI) detuvieron al imputado en la ciudad de Oaxaca de Ju\u00e1rez.<\/p>\n<p style=\"font-weight: 400; text-align: justify;\">Luego de la captura de A. R. H., fue presentado inmediatamente ante el Juez para que determine su situaci\u00f3n jur\u00eddica en las pr\u00f3ximas horas.<\/p>\n<p style=\"font-weight: 400; text-align: justify;\">Los hechos a los que hace referencia la carpeta, ocurrieron el 30 de enero de 2023, dentro de un domicilio particular ubicado en San Andr\u00e9s Huay\u00e1pam, donde localizaron el cuerpo sin vida de M. G. A. G.<\/p>\n<p style=\"font-weight: 400; text-align: justify;\">El caso fue atra\u00eddo por la Fiscal\u00eda Especializada para la Atenci\u00f3n a Delitos Contra la Mujer por Raz\u00f3n de G\u00e9nero y, tras realizar trabajos por parte de un equipo multidisciplinario, se lograron establecer s\u00f3lidas l\u00edneas de investigaci\u00f3n para dar con quien resulte responsable por la comisi\u00f3n del delito.<\/p>\n<p style=\"font-weight: 400; text-align: justify;\">La Fiscal\u00eda de Oaxaca investiga con apego a los protocolos y perspectiva de g\u00e9nero, los delitos cometidos en contra de mujeres, pues es prioritario tomar en cuenta las particularidades de cada una de las v\u00edctimas directas e indirectas, con el prop\u00f3sito de que tengan pleno acceso a la justicia.<\/p>\n","protected":false},"author":1,"featured_media":3175,"comment_status":"closed","ping_status":"closed","template":"","tags":[],"categoria_noticias":[],"class_list":["post-15518","noticias","type-noticias","status-publish","has-post-thumbnail","hentry"],"acf":[],"mb":[],"mfb_rest_fields":["title","gutenberg_elementor_mode"],"_links":{"self":[{"href":"https:\/\/portal.fgeo.gob.mx\/index.php\/wp-json\/wp\/v2\/noticias\/15518","targetHints":{"allow":["GET"]}}],"collection":[{"href":"https:\/\/portal.fgeo.gob.mx\/index.php\/wp-json\/wp\/v2\/noticias"}],"about":[{"href":"https:\/\/portal.fgeo.gob.mx\/index.php\/wp-json\/wp\/v2\/types\/noticias"}],"author":[{"embeddable":true,"href":"https:\/\/portal.fgeo.gob.mx\/index.php\/wp-json\/wp\/v2\/users\/1"}],"replies":[{"embeddable":true,"href":"https:\/\/portal.fgeo.gob.mx\/index.php\/wp-json\/wp\/v2\/comments?post=15518"}],"wp:featuredmedia":[{"embeddable":true,"href":"https:\/\/portal.fgeo.gob.mx\/index.php\/wp-json\/"}],"wp:attachment":[{"href":"https:\/\/portal.fgeo.gob.mx\/index.php\/wp-json\/wp\/v2\/media?parent=15518"}],"wp:term":[{"taxonomy":"post_tag","embeddable":true,"href":"https:\/\/portal.fgeo.gob.mx\/index.php\/wp-json\/wp\/v2\/tags?post=15518"},{"taxonomy":"categoria_noticias","embeddable":true,"href":"https:\/\/portal.fgeo.gob.mx\/index.php\/wp-json\/wp\/v2\/categoria_noticias?post=15518"}],"curies":[{"name":"wp","href":"https:\/\/api.w.org\/{rel}","templated":true}]}}