{"id":15517,"date":"2023-02-03T10:51:14","date_gmt":"2023-02-03T16:51:14","guid":{"rendered":"http:\/\/fge.oaxaca.gob.mx\/?post_type=noticias&amp;p=4852"},"modified":"2023-02-03T10:51:14","modified_gmt":"2023-02-03T16:51:14","slug":"en-colaboracion-fiscalia-de-oaxaca-ejecuta-orden-de-aprehension-contra-presunto-feminicida","status":"publish","type":"noticias","link":"https:\/\/portal.fgeo.gob.mx\/index.php\/archivos\/noticias\/en-colaboracion-fiscalia-de-oaxaca-ejecuta-orden-de-aprehension-contra-presunto-feminicida","title":{"rendered":"En colaboraci\u00f3n, Fiscal\u00eda de Oaxaca ejecuta orden de aprehensi\u00f3n contra presunto feminicida"},"content":{"rendered":"<ul>\n<li style=\"font-weight: 400; text-align: justify;\">El imputado tambi\u00e9n enfrenta cargos de tentativa de feminicidio agravado en contra de dos mujeres en hechos ocurridos en Mat\u00edas Romero<\/li>\n<\/ul>\n<p style=\"font-weight: 400; text-align: justify;\"><strong>Oaxaca de Ju\u00e1rez, Oax., 03 de febrero de 2023.-\u00a0<\/strong>A solicitud de la Fiscal\u00eda General del Estado de Oaxaca (FGEO), y a partir de un trabajo colaborativo con la Fiscal\u00eda General de la Ciudad de M\u00e9xico, elementos de investigaci\u00f3n ejecutaron una orden de aprehensi\u00f3n contra una persona del sexo masculino identificada como L. A. M., por el delito de feminicidio agravado.<\/p>\n<p style=\"font-weight: 400; text-align: justify;\">Tras la detenci\u00f3n, personal de la Agencia Estatal de Investigaciones (AEI) de la entidad, traslad\u00f3 al\u00a0 imputado a la jurisdicci\u00f3n estatal para presentarlo ante el juez de control para que determine su situaci\u00f3n jur\u00eddica.<\/p>\n<p style=\"font-weight: 400; text-align: justify;\">A L.A.M se le acusa de feminicidio agravado cometido contra dos ni\u00f1as de 7 y 3 a\u00f1os de edad (de identidad reservada por ley), as\u00ed como de tentativa de feminicidio agravado contra dos mujeres adultas, en hechos ocurridos en Mat\u00edas Romero de Avenda\u00f1o, perteneciente al Istmo de Tehuantepec.<\/p>\n<p style=\"font-weight: 400; text-align: justify;\">La tarde de este jueves 2 de febrero de 2023, personal de la FGEO, en colaboraci\u00f3n con la Fiscal\u00eda General de Justicia de la Ciudad de M\u00e9xico, detuvieron al probable responsable de la comisi\u00f3n de dichos delitos, quien se encontraba internado en un hospital de la alcald\u00eda de Tlalpan en la capital del pa\u00eds y quien este d\u00eda fue dado de alta.<\/p>\n<p style=\"font-weight: 400; text-align: justify;\">Los hechos de los cuales se desprende la orden de aprehensi\u00f3n inscrita dentro de la causa penal 13\/2023, sucedieron durante la madrugada del 3 de enero, en un domicilio particular ubicado en Mat\u00edas Romero, donde se registr\u00f3 un incendio aparentemente provocado.<\/p>\n<p style=\"font-weight: 400; text-align: justify;\">Ante ello, cuatro personas del sexo femenino resultaron con lesiones de gravedad, motivo por el cual, dos ni\u00f1as perdieron la vida el 4 y el 5 de enero de 2023.<\/p>\n<p style=\"font-weight: 400; text-align: justify;\">La Fiscal\u00eda de Oaxaca da atenci\u00f3n prioritaria a los delitos de alto impacto cometidos por raz\u00f3n de g\u00e9nero, para garantizar el acceso a la justicia para las v\u00edctimas directas e indirectas y, con ello, evitar la repetici\u00f3n de hechos que lesionan a la sociedad y a las infancias.<\/p>\n","protected":false},"author":1,"featured_media":3175,"comment_status":"closed","ping_status":"closed","template":"","tags":[],"categoria_noticias":[],"class_list":["post-15517","noticias","type-noticias","status-publish","has-post-thumbnail","hentry"],"acf":[],"mb":[],"mfb_rest_fields":["title","gutenberg_elementor_mode"],"_links":{"self":[{"href":"https:\/\/portal.fgeo.gob.mx\/index.php\/wp-json\/wp\/v2\/noticias\/15517","targetHints":{"allow":["GET"]}}],"collection":[{"href":"https:\/\/portal.fgeo.gob.mx\/index.php\/wp-json\/wp\/v2\/noticias"}],"about":[{"href":"https:\/\/portal.fgeo.gob.mx\/index.php\/wp-json\/wp\/v2\/types\/noticias"}],"author":[{"embeddable":true,"href":"https:\/\/portal.fgeo.gob.mx\/index.php\/wp-json\/wp\/v2\/users\/1"}],"replies":[{"embeddable":true,"href":"https:\/\/portal.fgeo.gob.mx\/index.php\/wp-json\/wp\/v2\/comments?post=15517"}],"wp:featuredmedia":[{"embeddable":true,"href":"https:\/\/portal.fgeo.gob.mx\/index.php\/wp-json\/"}],"wp:attachment":[{"href":"https:\/\/portal.fgeo.gob.mx\/index.php\/wp-json\/wp\/v2\/media?parent=15517"}],"wp:term":[{"taxonomy":"post_tag","embeddable":true,"href":"https:\/\/portal.fgeo.gob.mx\/index.php\/wp-json\/wp\/v2\/tags?post=15517"},{"taxonomy":"categoria_noticias","embeddable":true,"href":"https:\/\/portal.fgeo.gob.mx\/index.php\/wp-json\/wp\/v2\/categoria_noticias?post=15517"}],"curies":[{"name":"wp","href":"https:\/\/api.w.org\/{rel}","templated":true}]}}