{"id":15516,"date":"2023-02-02T18:31:23","date_gmt":"2023-02-03T00:31:23","guid":{"rendered":"http:\/\/fge.oaxaca.gob.mx\/?post_type=noticias&amp;p=4851"},"modified":"2023-02-02T18:31:23","modified_gmt":"2023-02-03T00:31:23","slug":"investiga-fiscalia-de-oaxaca-bajo-protocolo-lgbtttiq-homicidio-ocurrido-en-el-istmo-de-tehuantepec","status":"publish","type":"noticias","link":"https:\/\/portal.fgeo.gob.mx\/index.php\/archivos\/noticias\/investiga-fiscalia-de-oaxaca-bajo-protocolo-lgbtttiq-homicidio-ocurrido-en-el-istmo-de-tehuantepec","title":{"rendered":"Investiga Fiscal\u00eda de Oaxaca, bajo protocolo LGBTTTIQ+, homicidio ocurrido en el Istmo de Tehuantepec"},"content":{"rendered":"<p style=\"font-weight: 400; text-align: justify;\"><strong>Oaxaca de Ju\u00e1rez, Oax., 02 de febrero de 2023.-\u00a0<\/strong>La Fiscal\u00eda General del Estado de Oaxaca inici\u00f3 la carpeta de investigaci\u00f3n 3957\/FIST\/JUCHITAN\/2023 por el delito de homicidio cometido en contra de una persona perteneciente a la comunidad de la diversidad sexual, por lo que se abord\u00f3 bajo el Protocolo para la Atenci\u00f3n de las Personas de la Comunidad L\u00e9sbico, Gay, Transexual, Transg\u00e9nero, Transexual, Travesti e Intersexual.<\/p>\n<p style=\"font-weight: 400; text-align: justify;\">Los hechos ocurrieron este jueves en la colonia Tom\u00e1s Aquino, ubicada en el municipio de Juchit\u00e1n de Zaragoza, en la regi\u00f3n del Istmo de Tehuantepec, donde se localiz\u00f3 el cuerpo de H. L. J., al interior de un domicilio particular.<\/p>\n<p style=\"font-weight: 400; text-align: justify;\">Tras recibir el reporte de la comisi\u00f3n del delito, la Fiscal\u00eda despleg\u00f3 su equipo multidisciplinario para iniciar con las indagatorias, entre el cual se encuentra la Unidad Especializada para la Atenci\u00f3n de Delitos Cometidos por Diversidad Sexual.<\/p>\n<p style=\"font-weight: 400; text-align: justify;\">A partir de este trabajo inicial, la FGEO estableci\u00f3 varias l\u00edneas de investigaci\u00f3n que se siguen para dar con el paradero de la persona que resulte responsable.<\/p>\n","protected":false},"author":1,"featured_media":3175,"comment_status":"closed","ping_status":"closed","template":"","tags":[],"categoria_noticias":[],"class_list":["post-15516","noticias","type-noticias","status-publish","has-post-thumbnail","hentry"],"acf":[],"mb":[],"mfb_rest_fields":["title","gutenberg_elementor_mode"],"_links":{"self":[{"href":"https:\/\/portal.fgeo.gob.mx\/index.php\/wp-json\/wp\/v2\/noticias\/15516","targetHints":{"allow":["GET"]}}],"collection":[{"href":"https:\/\/portal.fgeo.gob.mx\/index.php\/wp-json\/wp\/v2\/noticias"}],"about":[{"href":"https:\/\/portal.fgeo.gob.mx\/index.php\/wp-json\/wp\/v2\/types\/noticias"}],"author":[{"embeddable":true,"href":"https:\/\/portal.fgeo.gob.mx\/index.php\/wp-json\/wp\/v2\/users\/1"}],"replies":[{"embeddable":true,"href":"https:\/\/portal.fgeo.gob.mx\/index.php\/wp-json\/wp\/v2\/comments?post=15516"}],"wp:featuredmedia":[{"embeddable":true,"href":"https:\/\/portal.fgeo.gob.mx\/index.php\/wp-json\/"}],"wp:attachment":[{"href":"https:\/\/portal.fgeo.gob.mx\/index.php\/wp-json\/wp\/v2\/media?parent=15516"}],"wp:term":[{"taxonomy":"post_tag","embeddable":true,"href":"https:\/\/portal.fgeo.gob.mx\/index.php\/wp-json\/wp\/v2\/tags?post=15516"},{"taxonomy":"categoria_noticias","embeddable":true,"href":"https:\/\/portal.fgeo.gob.mx\/index.php\/wp-json\/wp\/v2\/categoria_noticias?post=15516"}],"curies":[{"name":"wp","href":"https:\/\/api.w.org\/{rel}","templated":true}]}}