{"id":15515,"date":"2023-02-01T16:54:09","date_gmt":"2023-02-01T22:54:09","guid":{"rendered":"http:\/\/fge.oaxaca.gob.mx\/?post_type=noticias&amp;p=4850"},"modified":"2023-02-01T16:54:09","modified_gmt":"2023-02-01T22:54:09","slug":"obtiene-fiscalia-de-oaxaca-sentencia-contra-responsables-de-dos-homicidios-cometidos-en-diferentes-municipios-del-estado","status":"publish","type":"noticias","link":"https:\/\/portal.fgeo.gob.mx\/index.php\/archivos\/noticias\/obtiene-fiscalia-de-oaxaca-sentencia-contra-responsables-de-dos-homicidios-cometidos-en-diferentes-municipios-del-estado","title":{"rendered":"Obtiene Fiscal\u00eda de Oaxaca sentencia contra responsables de dos homicidios cometidos en diferentes municipios del estado"},"content":{"rendered":"<p style=\"font-weight: 400; text-align: justify;\"><strong>Oaxaca de Ju\u00e1rez, Oax., 01 de febrero de 2023.-\u00a0<\/strong>La Fiscal\u00eda General del Estado de Oaxaca (FGEO) obtuvo dos sentencias condenatorias, ambas por homicidio calificado, cometidos en hechos diferentes. Los responsables fueron penados con 35 a\u00f1os de privaci\u00f3n de la libertad (cada uno de ellos), por los delitos cometidos en los municipios de San Vicente Coatl\u00e1n y la Villa de Zaachila.<\/p>\n<p style=\"font-weight: 400; text-align: justify;\">El primero de los casos ocurri\u00f3 el 16 de septiembre de 2019 cuando, de acuerdo con la carpeta de investigaci\u00f3n 32172\/FVCE\/ZAACHILA\/2019, la v\u00edctima se encontraba dentro de un taxi en la colonia Gonz\u00e1lez Guardado de Zaachila, cuando fue atacado a balazos por J. A. H. S.<\/p>\n<p style=\"font-weight: 400; text-align: justify;\">Derivado de la agresi\u00f3n, la v\u00edctima perdi\u00f3 la vida, por lo que la FGEO atrajo la investigaci\u00f3n a trav\u00e9s de la Direcci\u00f3n de Averiguaciones Previas y Procesos, que logr\u00f3 la detenci\u00f3n del imputado.<\/p>\n<p style=\"font-weight: 400; text-align: justify;\">Luego de presentar las pruebas suficientes ante el Juez, \u00e9ste dict\u00f3 fallo condenatorio por el que impuso 35 a\u00f1os de privaci\u00f3n de la libertad en contra de J. A. H. S., adem\u00e1s del pago por reparaci\u00f3n del da\u00f1o superior a los 422 mil pesos.<\/p>\n<p style=\"font-weight: 400; text-align: justify;\">En un segundo caso, los hechos ocurrieron el 14 de abril de 2019, en calles del municipio de San Vicente Coatl\u00e1n, cuando el sentenciado dispar\u00f3 en contra de una persona del sexo masculino, quien falleci\u00f3 a consecuencia de las heridas infligidas, como consta en la carpeta de investigaci\u00f3n 11357\/FVCE\/EJUTLA\/2019.<\/p>\n<p style=\"font-weight: 400; text-align: justify;\">Al tener conocimiento del caso, la Fiscal\u00eda de Oaxaca realiz\u00f3 las investigaciones que permitieron ejecutar una orden de aprehensi\u00f3n en contra de F. C. S. por el delito de homicidio calificado.<\/p>\n<p style=\"font-weight: 400; text-align: justify;\">Gracias a las pruebas aportadas por la FGEO, el Juez del Tribunal de Enjuiciamiento que atendi\u00f3 la causa dict\u00f3 la sentencia condenatoria que impone 35 a\u00f1os de prisi\u00f3n en contra del responsable, quien, adem\u00e1s, tendr\u00e1 que pagar m\u00e1s de 422 mil pesos por concepto de reparaci\u00f3n del da\u00f1o<\/p>\n<p style=\"font-weight: 400; text-align: justify;\">La resoluci\u00f3n de delitos de alto impacto, por parte de la Fiscal\u00eda General del Estado de Oaxaca, permite garantizar la paz social en el estado, por lo que se realizan trabajos imparciales, objetivos y cient\u00edficos en diferentes materias para conocer la verdad en torno a los casos.<\/p>\n","protected":false},"author":1,"featured_media":3175,"comment_status":"closed","ping_status":"closed","template":"","tags":[],"categoria_noticias":[],"class_list":["post-15515","noticias","type-noticias","status-publish","has-post-thumbnail","hentry"],"acf":[],"mb":[],"mfb_rest_fields":["title","gutenberg_elementor_mode"],"_links":{"self":[{"href":"https:\/\/portal.fgeo.gob.mx\/index.php\/wp-json\/wp\/v2\/noticias\/15515","targetHints":{"allow":["GET"]}}],"collection":[{"href":"https:\/\/portal.fgeo.gob.mx\/index.php\/wp-json\/wp\/v2\/noticias"}],"about":[{"href":"https:\/\/portal.fgeo.gob.mx\/index.php\/wp-json\/wp\/v2\/types\/noticias"}],"author":[{"embeddable":true,"href":"https:\/\/portal.fgeo.gob.mx\/index.php\/wp-json\/wp\/v2\/users\/1"}],"replies":[{"embeddable":true,"href":"https:\/\/portal.fgeo.gob.mx\/index.php\/wp-json\/wp\/v2\/comments?post=15515"}],"wp:featuredmedia":[{"embeddable":true,"href":"https:\/\/portal.fgeo.gob.mx\/index.php\/wp-json\/"}],"wp:attachment":[{"href":"https:\/\/portal.fgeo.gob.mx\/index.php\/wp-json\/wp\/v2\/media?parent=15515"}],"wp:term":[{"taxonomy":"post_tag","embeddable":true,"href":"https:\/\/portal.fgeo.gob.mx\/index.php\/wp-json\/wp\/v2\/tags?post=15515"},{"taxonomy":"categoria_noticias","embeddable":true,"href":"https:\/\/portal.fgeo.gob.mx\/index.php\/wp-json\/wp\/v2\/categoria_noticias?post=15515"}],"curies":[{"name":"wp","href":"https:\/\/api.w.org\/{rel}","templated":true}]}}