{"id":15514,"date":"2023-02-01T12:42:19","date_gmt":"2023-02-01T18:42:19","guid":{"rendered":"http:\/\/fge.oaxaca.gob.mx\/?post_type=noticias&amp;p=4849"},"modified":"2023-02-01T12:42:19","modified_gmt":"2023-02-01T18:42:19","slug":"obtiene-fiscalia-de-oaxaca-vinculacion-a-proceso-por-violencia-familiar-contra-pareja-de-abigail-h-u","status":"publish","type":"noticias","link":"https:\/\/portal.fgeo.gob.mx\/index.php\/archivos\/noticias\/obtiene-fiscalia-de-oaxaca-vinculacion-a-proceso-por-violencia-familiar-contra-pareja-de-abigail-h-u","title":{"rendered":"Obtiene Fiscal\u00eda de Oaxaca vinculaci\u00f3n a proceso por violencia familiar contra pareja de Abigail H.U."},"content":{"rendered":"<ul>\n<li style=\"font-weight: 400; text-align: justify;\"><em>Apelar\u00e1 FGEO negativa del juez para imponer la medida cautelar de prisi\u00f3n preventiva<\/em><\/li>\n<\/ul>\n<p style=\"font-weight: 400; text-align: justify;\"><strong>Oaxaca de Ju\u00e1rez, Oax., 31 de enero de 2023.-\u00a0<\/strong>La Fiscal\u00eda General del Estado de Oaxaca (FGEO) obtuvo la vinculaci\u00f3n a proceso del imputado identificado bajo las iniciales K. N. E. H. por el delito de violencia familiar cometido en agravio de la v\u00edctima, quien en vida respondi\u00f3 al nombre de Abigail H.U.<\/p>\n<p style=\"font-weight: 400; text-align: justify;\">Durante la audiencia de ampliaci\u00f3n del t\u00e9rmino constitucional celebrada este martes 31 de enero en el Istmo de Tehuantepec, la FGEO solicit\u00f3 la medida cautelar de prisi\u00f3n preventiva para el presunto responsable, en tanto se realiza la investigaci\u00f3n complementaria, al considerar riesgo de sustracci\u00f3n y peligro para las v\u00edctimas indirectas.<\/p>\n<p style=\"font-weight: 400; text-align: justify;\">No obstante, aunque el juez vincul\u00f3 a proceso al indiciado, no consider\u00f3 las circunstancias antes mencionadas, de tal forma que descart\u00f3 imponer la medida cautelar de prisi\u00f3n preventiva, por lo que la Fiscal\u00eda apelar\u00e1 la determinaci\u00f3n.<\/p>\n<p style=\"font-weight: 400; text-align: justify;\">Cabe destacar que el proceso se realiza post mortem, luego que la v\u00edctima pereciera en los separos municipales de Salina Cruz en agosto de 2022, hecho por el que la FGEO tambi\u00e9n realiza una investigaci\u00f3n simult\u00e1nea.<\/p>\n<p style=\"font-weight: 400; text-align: justify;\">Para la Fiscal\u00eda resulta fundamental atender de manera integral a las v\u00edctimas indirectas, principalmente cuando existen casos en los que est\u00e1n involucradas infancias.<\/p>\n","protected":false},"author":1,"featured_media":3175,"comment_status":"closed","ping_status":"closed","template":"","tags":[],"categoria_noticias":[],"class_list":["post-15514","noticias","type-noticias","status-publish","has-post-thumbnail","hentry"],"acf":[],"mb":[],"mfb_rest_fields":["title","gutenberg_elementor_mode"],"_links":{"self":[{"href":"https:\/\/portal.fgeo.gob.mx\/index.php\/wp-json\/wp\/v2\/noticias\/15514","targetHints":{"allow":["GET"]}}],"collection":[{"href":"https:\/\/portal.fgeo.gob.mx\/index.php\/wp-json\/wp\/v2\/noticias"}],"about":[{"href":"https:\/\/portal.fgeo.gob.mx\/index.php\/wp-json\/wp\/v2\/types\/noticias"}],"author":[{"embeddable":true,"href":"https:\/\/portal.fgeo.gob.mx\/index.php\/wp-json\/wp\/v2\/users\/1"}],"replies":[{"embeddable":true,"href":"https:\/\/portal.fgeo.gob.mx\/index.php\/wp-json\/wp\/v2\/comments?post=15514"}],"wp:featuredmedia":[{"embeddable":true,"href":"https:\/\/portal.fgeo.gob.mx\/index.php\/wp-json\/"}],"wp:attachment":[{"href":"https:\/\/portal.fgeo.gob.mx\/index.php\/wp-json\/wp\/v2\/media?parent=15514"}],"wp:term":[{"taxonomy":"post_tag","embeddable":true,"href":"https:\/\/portal.fgeo.gob.mx\/index.php\/wp-json\/wp\/v2\/tags?post=15514"},{"taxonomy":"categoria_noticias","embeddable":true,"href":"https:\/\/portal.fgeo.gob.mx\/index.php\/wp-json\/wp\/v2\/categoria_noticias?post=15514"}],"curies":[{"name":"wp","href":"https:\/\/api.w.org\/{rel}","templated":true}]}}