{"id":15512,"date":"2023-01-30T14:36:06","date_gmt":"2023-01-30T20:36:06","guid":{"rendered":"http:\/\/fge.oaxaca.gob.mx\/?post_type=noticias&amp;p=4847"},"modified":"2023-01-30T14:36:06","modified_gmt":"2023-01-30T20:36:06","slug":"se-reune-fiscal-general-de-oaxaca-con-base-trabajadora-y-mandos-de-la-institucion","status":"publish","type":"noticias","link":"https:\/\/portal.fgeo.gob.mx\/index.php\/archivos\/noticias\/se-reune-fiscal-general-de-oaxaca-con-base-trabajadora-y-mandos-de-la-institucion","title":{"rendered":"Se re\u00fane fiscal general de Oaxaca con base trabajadora y mandos de la instituci\u00f3n"},"content":{"rendered":"<p style=\"font-weight: 400; text-align: justify;\"><strong>Oaxaca de Ju\u00e1rez, Oax., 30 de enero de 2023.-\u00a0<\/strong>El fiscal general del estado de Oaxaca, Bernardo Rodr\u00edguez Alamilla, realiz\u00f3 un recorrido por las distintas \u00e1reas de la instituci\u00f3n ubicadas en los edificios Jes\u00fas \u201cChu\u201d Rasgado y \u00c1lvaro Carrillo de Ciudad Judicial, donde se reuni\u00f3 con trabajadores administrativos, ministerios p\u00fablicos, agentes de investigaci\u00f3n, as\u00ed como vicefiscales y responsables de las distintas \u00e1reas.<\/p>\n<p style=\"font-weight: 400; text-align: justify;\">Tras haber sido electo por el Congreso del Estado como responsable de la instituci\u00f3n encargada de la procuraci\u00f3n de justicia en la entidad, acudi\u00f3 a las instalaciones de la FGEO, donde resalt\u00f3 la importancia de establecer un di\u00e1logo permanente con la plantilla laboral.<\/p>\n<p style=\"font-weight: 400; text-align: justify;\">\u201cLas instituciones est\u00e1n hechas de personas y ante ello es primordial escuchar y dignificar las condiciones de trabajo\u201d, apunt\u00f3.<\/p>\n<p style=\"font-weight: 400; text-align: justify;\">Las y los trabajadores dieron la bienvenida al fiscal y reconocieron la importancia de establecer una relaci\u00f3n directa, puesto que, sostuvieron, es un hecho inusual que haya acudido a cada una de las \u00e1reas a conocer el trabajo que desempe\u00f1an y a constatar las condiciones en las que se encuentran las instalaciones.<\/p>\n<p style=\"font-weight: 400; text-align: justify;\">En reuni\u00f3n con las y los vicefiscales, as\u00ed como personal de mandos medios y superiores de la instancia, Rodr\u00edguez Alamilla afirm\u00f3 que la sociedad empuja un cambio sustancial en la Fiscal\u00eda por lo que es indispensable atender los reclamos m\u00e1s sentidos de la poblaci\u00f3n, que van encaminados a recuperar la confianza y abatir la impunidad.<\/p>\n<p style=\"font-weight: 400; text-align: justify;\">As\u00ed tambi\u00e9n, el fiscal general acudi\u00f3 a la sede de la Agencia Estatal de Investigaciones (AEI), donde realiz\u00f3 el pase de lista y entreg\u00f3 reconocimientos a elementos que se capacitaron en combate a incendios.<\/p>\n<p style=\"font-weight: 400; text-align: justify;\">Adem\u00e1s de realizar una visita a las distintas \u00e1reas de la AEI, escuch\u00f3 las problem\u00e1ticas planteadas por las y los elementos de investigaci\u00f3n en distintas vertientes, y se comprometi\u00f3 a tener comunicaci\u00f3n directa en una oficina de puertas abiertas.<\/p>\n<p style=\"font-weight: 400; text-align: justify;\">De la misma forma, constat\u00f3 las condiciones en las que se encuentran las instalaciones y reiter\u00f3 que es indispensable dignificar los espacios laborales para que la atenci\u00f3n que se brinde a la sociedad sea la adecuada.<\/p>\n<p style=\"font-weight: 400; text-align: justify;\">Rodr\u00edguez Alamilla sostuvo que continuar\u00e1 realizando recorridos en las distintas sedes de la Fiscal\u00eda, y ofreci\u00f3 un trabajo cercano y humano.<\/p>\n","protected":false},"author":1,"featured_media":3175,"comment_status":"closed","ping_status":"closed","template":"","tags":[],"categoria_noticias":[],"class_list":["post-15512","noticias","type-noticias","status-publish","has-post-thumbnail","hentry"],"acf":[],"mb":[],"mfb_rest_fields":["title","gutenberg_elementor_mode"],"_links":{"self":[{"href":"https:\/\/portal.fgeo.gob.mx\/index.php\/wp-json\/wp\/v2\/noticias\/15512","targetHints":{"allow":["GET"]}}],"collection":[{"href":"https:\/\/portal.fgeo.gob.mx\/index.php\/wp-json\/wp\/v2\/noticias"}],"about":[{"href":"https:\/\/portal.fgeo.gob.mx\/index.php\/wp-json\/wp\/v2\/types\/noticias"}],"author":[{"embeddable":true,"href":"https:\/\/portal.fgeo.gob.mx\/index.php\/wp-json\/wp\/v2\/users\/1"}],"replies":[{"embeddable":true,"href":"https:\/\/portal.fgeo.gob.mx\/index.php\/wp-json\/wp\/v2\/comments?post=15512"}],"wp:featuredmedia":[{"embeddable":true,"href":"https:\/\/portal.fgeo.gob.mx\/index.php\/wp-json\/"}],"wp:attachment":[{"href":"https:\/\/portal.fgeo.gob.mx\/index.php\/wp-json\/wp\/v2\/media?parent=15512"}],"wp:term":[{"taxonomy":"post_tag","embeddable":true,"href":"https:\/\/portal.fgeo.gob.mx\/index.php\/wp-json\/wp\/v2\/tags?post=15512"},{"taxonomy":"categoria_noticias","embeddable":true,"href":"https:\/\/portal.fgeo.gob.mx\/index.php\/wp-json\/wp\/v2\/categoria_noticias?post=15512"}],"curies":[{"name":"wp","href":"https:\/\/api.w.org\/{rel}","templated":true}]}}