{"id":15511,"date":"2023-01-30T11:04:50","date_gmt":"2023-01-30T17:04:50","guid":{"rendered":"http:\/\/fge.oaxaca.gob.mx\/?post_type=noticias&amp;p=4846"},"modified":"2023-01-30T11:04:50","modified_gmt":"2023-01-30T17:04:50","slug":"realiza-fiscalia-de-oaxaca-examenes-cientificos-a-restos-humanos-hallados-en-suchilquitongo-para-identificar-a-la-victima","status":"publish","type":"noticias","link":"https:\/\/portal.fgeo.gob.mx\/index.php\/archivos\/noticias\/realiza-fiscalia-de-oaxaca-examenes-cientificos-a-restos-humanos-hallados-en-suchilquitongo-para-identificar-a-la-victima","title":{"rendered":"Realiza Fiscal\u00eda de Oaxaca ex\u00e1menes cient\u00edficos a restos humanos hallados en Suchilquitongo, para identificar a la v\u00edctima"},"content":{"rendered":"<ul>\n<li style=\"font-weight: 400; text-align: justify;\">Mantiene FGEO b\u00fasqueda de Andrea Itzel Mart\u00ednez Castellanos<\/li>\n<\/ul>\n<p style=\"font-weight: 400; text-align: justify;\"><strong>Oaxaca de Ju\u00e1rez, Oax., 28 de enero de 2023.-\u00a0<\/strong>La Fiscal\u00eda General del Estado de Oaxaca (FGEO) realiza estudios forenses a los restos \u00f3seos de naturaleza humana localizados el 27 de enero de 2023 en Santiago Suchilquitongo, a fin de establecer la identidad de la v\u00edctima.<\/p>\n<p style=\"font-weight: 400; text-align: justify;\">El hallazgo se realiz\u00f3 en el paraje Los Peruses del Barrio del Pe\u00f1asco, en dicho municipio perteneciente a la regi\u00f3n de Valles Centrales y, de acuerdo a los primeros resultados de los an\u00e1lisis periciales efectuados, se tiene la certeza de que en dicho lugar \u00fanicamente se localizaron restos humanos, pero la v\u00edctima perdi\u00f3 la vida en un lugar distinto.<\/p>\n<p style=\"font-weight: 400; text-align: justify;\">Ante ello, el Instituto de Servicios Periciales realiza estudios antropol\u00f3gicos, odontol\u00f3gicos y cronotanatodiagn\u00f3stico a los restos humanos, adem\u00e1s de estudios gen\u00e9ticos con el objetivo de obtener el perfil de la v\u00edctima para cotejarlo con la base de datos de la FGEO.<\/p>\n<p style=\"font-weight: 400; text-align: justify;\">La FGEO informa que, durante los d\u00edas 24 y 25 de enero de 2023, en el lugar del hallazgo se realizaron labores de b\u00fasqueda para dar con el paradero de Andrea Itzel Mart\u00ednez Castellanos (adolescente reportada como desaparecida el pasado 17 de enero), sin que se encontrara ning\u00fan tipo de evidencias.<\/p>\n<p style=\"font-weight: 400; text-align: justify;\">Estos trabajos estuvieron encabezados por elementos de la Agencia Estatal de Investigaciones (AEI) y contaron con la presencia de familiares de la v\u00edctima, adem\u00e1s del apoyo de la Polic\u00eda Municipal de Santiago Suchilquitongo, as\u00ed como de binomio canino de la Polic\u00eda Estatal.<\/p>\n<p style=\"font-weight: 400; text-align: justify;\">En tanto que, la Fiscal\u00eda de Oaxaca mantiene activas las fichas de b\u00fasqueda y labores de localizaci\u00f3n para dar con el paradero Andrea Itzel Mart\u00ednez Castellanos, adem\u00e1s que contin\u00faa realizando las investigaciones correspondientes y las l\u00edneas de investigaci\u00f3n en torno al caso.<\/p>\n","protected":false},"author":1,"featured_media":3175,"comment_status":"closed","ping_status":"closed","template":"","tags":[],"categoria_noticias":[],"class_list":["post-15511","noticias","type-noticias","status-publish","has-post-thumbnail","hentry"],"acf":[],"mb":[],"mfb_rest_fields":["title","gutenberg_elementor_mode"],"_links":{"self":[{"href":"https:\/\/portal.fgeo.gob.mx\/index.php\/wp-json\/wp\/v2\/noticias\/15511","targetHints":{"allow":["GET"]}}],"collection":[{"href":"https:\/\/portal.fgeo.gob.mx\/index.php\/wp-json\/wp\/v2\/noticias"}],"about":[{"href":"https:\/\/portal.fgeo.gob.mx\/index.php\/wp-json\/wp\/v2\/types\/noticias"}],"author":[{"embeddable":true,"href":"https:\/\/portal.fgeo.gob.mx\/index.php\/wp-json\/wp\/v2\/users\/1"}],"replies":[{"embeddable":true,"href":"https:\/\/portal.fgeo.gob.mx\/index.php\/wp-json\/wp\/v2\/comments?post=15511"}],"wp:featuredmedia":[{"embeddable":true,"href":"https:\/\/portal.fgeo.gob.mx\/index.php\/wp-json\/"}],"wp:attachment":[{"href":"https:\/\/portal.fgeo.gob.mx\/index.php\/wp-json\/wp\/v2\/media?parent=15511"}],"wp:term":[{"taxonomy":"post_tag","embeddable":true,"href":"https:\/\/portal.fgeo.gob.mx\/index.php\/wp-json\/wp\/v2\/tags?post=15511"},{"taxonomy":"categoria_noticias","embeddable":true,"href":"https:\/\/portal.fgeo.gob.mx\/index.php\/wp-json\/wp\/v2\/categoria_noticias?post=15511"}],"curies":[{"name":"wp","href":"https:\/\/api.w.org\/{rel}","templated":true}]}}