{"id":15510,"date":"2023-01-26T16:51:59","date_gmt":"2023-01-26T22:51:59","guid":{"rendered":"http:\/\/fge.oaxaca.gob.mx\/?post_type=noticias&amp;p=4844"},"modified":"2023-01-26T16:51:59","modified_gmt":"2023-01-26T22:51:59","slug":"investiga-fiscalia-de-oaxaca-bajo-el-protocolo-de-feminicidio-hechos-ocurridos-en-san-bartolo-coyotepec","status":"publish","type":"noticias","link":"https:\/\/portal.fgeo.gob.mx\/index.php\/archivos\/noticias\/investiga-fiscalia-de-oaxaca-bajo-el-protocolo-de-feminicidio-hechos-ocurridos-en-san-bartolo-coyotepec","title":{"rendered":"Investiga Fiscal\u00eda de Oaxaca bajo el protocolo de feminicidio, hechos ocurridos en San Bartolo Coyotepec"},"content":{"rendered":"<p style=\"font-weight: 400; text-align: justify;\"><strong>Oaxaca de Ju\u00e1rez, Oax., 26 de enero de 2023.-\u00a0<\/strong>La Fiscal\u00eda General del Estado de Oaxaca (FGEO) inici\u00f3 la carpeta de investigaci\u00f3n 3064\/FMUJ\/UFEM\/2023 por el delito de feminicidio cometido la ma\u00f1ana de este jueves en el municipio de San Bartolo Coyotepec, regi\u00f3n de Valles Centrales.<\/p>\n<p style=\"font-weight: 400; text-align: justify;\">Los hechos ocurrieron en la Cuarta Secci\u00f3n de dicho municipio conurbado a la capital del estado de Oaxaca, donde la v\u00edctima fue hallada dentro de un veh\u00edculo de motor.<\/p>\n<p style=\"font-weight: 400; text-align: justify;\">Ante ello, la FGEO despleg\u00f3 su equipo multidisciplinario para realizar las primeras investigaciones bajo el Protocolo de Investigaci\u00f3n Ministerial, Policial y Pericial del Delito de Feminicidio vigente en el estado de Oaxaca.<\/p>\n<p style=\"font-weight: 400; text-align: justify;\">De la misma forma, la instituci\u00f3n afirm\u00f3 que en casos de muertes violentas de alguna mujer se investiga bajo dicho Protocolo, con perspectiva de g\u00e9nero y de derechos humanos, tomando en cuenta a la v\u00edctima directa, as\u00ed como a las indirectas.<\/p>\n<p style=\"font-weight: 400; text-align: justify;\">La Fiscal\u00eda de Oaxaca refrenda su compromiso de establecer un trabajo con visi\u00f3n humana que permita garantizar el pleno acceso a la justicia a las mujeres y a la sociedad en general.<\/p>\n","protected":false},"author":1,"featured_media":3175,"comment_status":"closed","ping_status":"closed","template":"","tags":[],"categoria_noticias":[],"class_list":["post-15510","noticias","type-noticias","status-publish","has-post-thumbnail","hentry"],"acf":[],"mb":[],"mfb_rest_fields":["title","gutenberg_elementor_mode"],"_links":{"self":[{"href":"https:\/\/portal.fgeo.gob.mx\/index.php\/wp-json\/wp\/v2\/noticias\/15510","targetHints":{"allow":["GET"]}}],"collection":[{"href":"https:\/\/portal.fgeo.gob.mx\/index.php\/wp-json\/wp\/v2\/noticias"}],"about":[{"href":"https:\/\/portal.fgeo.gob.mx\/index.php\/wp-json\/wp\/v2\/types\/noticias"}],"author":[{"embeddable":true,"href":"https:\/\/portal.fgeo.gob.mx\/index.php\/wp-json\/wp\/v2\/users\/1"}],"replies":[{"embeddable":true,"href":"https:\/\/portal.fgeo.gob.mx\/index.php\/wp-json\/wp\/v2\/comments?post=15510"}],"wp:featuredmedia":[{"embeddable":true,"href":"https:\/\/portal.fgeo.gob.mx\/index.php\/wp-json\/"}],"wp:attachment":[{"href":"https:\/\/portal.fgeo.gob.mx\/index.php\/wp-json\/wp\/v2\/media?parent=15510"}],"wp:term":[{"taxonomy":"post_tag","embeddable":true,"href":"https:\/\/portal.fgeo.gob.mx\/index.php\/wp-json\/wp\/v2\/tags?post=15510"},{"taxonomy":"categoria_noticias","embeddable":true,"href":"https:\/\/portal.fgeo.gob.mx\/index.php\/wp-json\/wp\/v2\/categoria_noticias?post=15510"}],"curies":[{"name":"wp","href":"https:\/\/api.w.org\/{rel}","templated":true}]}}