{"id":15509,"date":"2023-01-25T21:09:15","date_gmt":"2023-01-26T03:09:15","guid":{"rendered":"http:\/\/fge.oaxaca.gob.mx\/?post_type=noticias&amp;p=4842"},"modified":"2023-01-25T21:09:15","modified_gmt":"2023-01-26T03:09:15","slug":"interpone-fiscalia-de-oaxaca-recurso-de-apelacion-contra-modificacion-de-medidas-cautelares-a-favor-de-j-a-v-c-imputado-por-feminicidio-en-grado-de-tentativa","status":"publish","type":"noticias","link":"https:\/\/portal.fgeo.gob.mx\/index.php\/archivos\/noticias\/interpone-fiscalia-de-oaxaca-recurso-de-apelacion-contra-modificacion-de-medidas-cautelares-a-favor-de-j-a-v-c-imputado-por-feminicidio-en-grado-de-tentativa","title":{"rendered":"Interpone Fiscal\u00eda de Oaxaca recurso de apelaci\u00f3n contra modificaci\u00f3n de medidas cautelares a favor de J. A. V. C., imputado por feminicidio en grado de tentativa"},"content":{"rendered":"<ul>\n<li style=\"font-weight: 400; text-align: justify;\">Atenci\u00f3n integral a la v\u00edctima, garantiza FGJEO<\/li>\n<\/ul>\n<p style=\"font-weight: 400; text-align: justify;\"><strong>Oaxaca de Ju\u00e1rez, Oax., 25 de enero de 2023.-\u00a0<\/strong>La Fiscal\u00eda General del Estado de Oaxaca (FGEO) interpuso recurso de apelaci\u00f3n en contra la resoluci\u00f3n de revisi\u00f3n de medida cautelar solicitada por J. A. V. C., imputado por el delito de feminicidio en grado de tentativa, cometido en contra de la v\u00edctima identificada por las iniciales M. E. R. O., hechos ocurridos el 9 de septiembre de 2019 en Huajuapan de Le\u00f3n.<\/p>\n<p style=\"font-weight: 400; text-align: justify;\">A la par de las acciones legales correspondientes, la FGEO se compromete a brindar un acompa\u00f1amiento integral a la v\u00edctima, a partir de la implementaci\u00f3n de una nueva pol\u00edtica en la instituci\u00f3n, sustentada en las perspectivas de derechos humanos y g\u00e9nero.<\/p>\n<p style=\"font-weight: 400; text-align: justify;\">En cumplimiento con el compromiso constitucional de la Fiscal\u00eda, de procurar y garantizar el acceso a la justicia para las v\u00edctimas, este 25 de enero de 2023, se present\u00f3 este recurso de apelaci\u00f3n debido a que se evalu\u00f3 el riesgo de fuga por parte del imputado.<\/p>\n<p style=\"font-weight: 400; text-align: justify;\">Adem\u00e1s, que la excarcelaci\u00f3n de J. A. V. C. supondr\u00eda poner en riesgo la integridad de la v\u00edctima, por lo cual se realiz\u00f3 la impugnaci\u00f3n derivada de la causa penal 533\/2019.<\/p>\n<p style=\"font-weight: 400; text-align: justify;\">Es importante precisar que el imputado J. A. V. C., en ning\u00fan momento abandon\u00f3 el centro de internamiento en el que se encuentra recluido.<\/p>\n<p style=\"font-weight: 400; text-align: justify;\">Con estas acciones, la Fiscal\u00eda de Oaxaca reitera su compromiso con la erradicaci\u00f3n de la violencia contra las mujeres, realizando un trabajo objetivo y ce\u00f1ido en todo momento a los principios de perspectiva de g\u00e9nero.<\/p>\n","protected":false},"author":1,"featured_media":3175,"comment_status":"closed","ping_status":"closed","template":"","tags":[],"categoria_noticias":[],"class_list":["post-15509","noticias","type-noticias","status-publish","has-post-thumbnail","hentry"],"acf":[],"mb":[],"mfb_rest_fields":["title","gutenberg_elementor_mode"],"_links":{"self":[{"href":"https:\/\/portal.fgeo.gob.mx\/index.php\/wp-json\/wp\/v2\/noticias\/15509","targetHints":{"allow":["GET"]}}],"collection":[{"href":"https:\/\/portal.fgeo.gob.mx\/index.php\/wp-json\/wp\/v2\/noticias"}],"about":[{"href":"https:\/\/portal.fgeo.gob.mx\/index.php\/wp-json\/wp\/v2\/types\/noticias"}],"author":[{"embeddable":true,"href":"https:\/\/portal.fgeo.gob.mx\/index.php\/wp-json\/wp\/v2\/users\/1"}],"replies":[{"embeddable":true,"href":"https:\/\/portal.fgeo.gob.mx\/index.php\/wp-json\/wp\/v2\/comments?post=15509"}],"wp:featuredmedia":[{"embeddable":true,"href":"https:\/\/portal.fgeo.gob.mx\/index.php\/wp-json\/"}],"wp:attachment":[{"href":"https:\/\/portal.fgeo.gob.mx\/index.php\/wp-json\/wp\/v2\/media?parent=15509"}],"wp:term":[{"taxonomy":"post_tag","embeddable":true,"href":"https:\/\/portal.fgeo.gob.mx\/index.php\/wp-json\/wp\/v2\/tags?post=15509"},{"taxonomy":"categoria_noticias","embeddable":true,"href":"https:\/\/portal.fgeo.gob.mx\/index.php\/wp-json\/wp\/v2\/categoria_noticias?post=15509"}],"curies":[{"name":"wp","href":"https:\/\/api.w.org\/{rel}","templated":true}]}}