{"id":15508,"date":"2023-01-24T15:54:50","date_gmt":"2023-01-24T21:54:50","guid":{"rendered":"http:\/\/fge.oaxaca.gob.mx\/?post_type=noticias&amp;p=4841"},"modified":"2023-01-24T15:54:50","modified_gmt":"2023-01-24T21:54:50","slug":"fiscalia-de-oaxaca-obtiene-vinculacion-a-proceso-contra-imputados-por-homicidio-de-taxista-cometido-en-el-istmo-de-tehuantepec","status":"publish","type":"noticias","link":"https:\/\/portal.fgeo.gob.mx\/index.php\/archivos\/noticias\/fiscalia-de-oaxaca-obtiene-vinculacion-a-proceso-contra-imputados-por-homicidio-de-taxista-cometido-en-el-istmo-de-tehuantepec","title":{"rendered":"Fiscal\u00eda de Oaxaca obtiene vinculaci\u00f3n a proceso contra imputados por homicidio de taxista cometido en el Istmo de Tehuantepec"},"content":{"rendered":"<p style=\"font-weight: 400; text-align: justify;\"><strong>Oaxaca de Ju\u00e1rez, Oax., 24 de enero de 2023.-\u00a0<\/strong>La Fiscal\u00eda General del Estado de Oaxaca (FGEO) obtuvo, del Juzgado de Control, auto de vinculaci\u00f3n a proceso contra dos persona del sexo masculino identificadas como E.S.J., alias \u201cEl Chiquil\u00edn\u201d,\u00a0 y A. A. J., alias \u201cEl Bodoque\u201d, imputados por el delito de homicidio calificado con ventaja cometido en agravio de quien en vida respondi\u00f3 al nombre de D.M.M.<\/p>\n<p style=\"font-weight: 400; text-align: justify;\">Los hechos tuvieron lugar el 14 de enero de 2023, cuando la v\u00edctima (quien era taxista) se encontraba en su domicilio ubicado en la Avenida Uno, esquina con calle Am\u00e9rica, de la colonia La Oaxaque\u00f1a, perteneciente a Mat\u00edas Romero, en el Istmo de Tehuantepec, al lugar arribaron dos personas a bordo de una motocicleta, quienes dispararon contra D. M. M., provoc\u00e1ndole la muerte.<\/p>\n<p style=\"font-weight: 400; text-align: justify;\">Posteriormente, con la coordinaci\u00f3n de la Vicefiscal\u00eda Regional del Istmo, mediante una acci\u00f3n r\u00e1pida y efectiva por parte de elementos de la Agencia Estatal de Investigaciones en coordinaci\u00f3n con la Guardia Nacional, se logr\u00f3 la detenci\u00f3n de los imputados, quienes fueron puestos a disposici\u00f3n de las autoridades correspondientes.<\/p>\n<p style=\"font-weight: 400; text-align: justify;\">En audiencia y tras validar los datos de prueba proporcionados por la Vicefiscal\u00eda Regional del Istmo, los imputados E.S.J., alias \u201cEl Chiquil\u00edn\u201d y A.A.J., alias \u201cEl Bodoque\u201d, fueron vinculados a proceso por el Juez en turno, imponiendo la medida cautelar de prisi\u00f3n preventiva oficiosa, adem\u00e1s que otorg\u00f3 tres meses para el cierre de investigaci\u00f3n complementaria.<\/p>\n<p style=\"font-weight: 400; text-align: justify;\">La Fiscal\u00eda General garantiza el estado de derecho y reafirma su compromiso de hacer valer la Ley, presentando ante la justicia a quienes desestabilizan la paz social.<\/p>\n","protected":false},"author":1,"featured_media":3175,"comment_status":"closed","ping_status":"closed","template":"","tags":[],"categoria_noticias":[],"class_list":["post-15508","noticias","type-noticias","status-publish","has-post-thumbnail","hentry"],"acf":[],"mb":[],"mfb_rest_fields":["title","gutenberg_elementor_mode"],"_links":{"self":[{"href":"https:\/\/portal.fgeo.gob.mx\/index.php\/wp-json\/wp\/v2\/noticias\/15508","targetHints":{"allow":["GET"]}}],"collection":[{"href":"https:\/\/portal.fgeo.gob.mx\/index.php\/wp-json\/wp\/v2\/noticias"}],"about":[{"href":"https:\/\/portal.fgeo.gob.mx\/index.php\/wp-json\/wp\/v2\/types\/noticias"}],"author":[{"embeddable":true,"href":"https:\/\/portal.fgeo.gob.mx\/index.php\/wp-json\/wp\/v2\/users\/1"}],"replies":[{"embeddable":true,"href":"https:\/\/portal.fgeo.gob.mx\/index.php\/wp-json\/wp\/v2\/comments?post=15508"}],"wp:featuredmedia":[{"embeddable":true,"href":"https:\/\/portal.fgeo.gob.mx\/index.php\/wp-json\/"}],"wp:attachment":[{"href":"https:\/\/portal.fgeo.gob.mx\/index.php\/wp-json\/wp\/v2\/media?parent=15508"}],"wp:term":[{"taxonomy":"post_tag","embeddable":true,"href":"https:\/\/portal.fgeo.gob.mx\/index.php\/wp-json\/wp\/v2\/tags?post=15508"},{"taxonomy":"categoria_noticias","embeddable":true,"href":"https:\/\/portal.fgeo.gob.mx\/index.php\/wp-json\/wp\/v2\/categoria_noticias?post=15508"}],"curies":[{"name":"wp","href":"https:\/\/api.w.org\/{rel}","templated":true}]}}