{"id":15506,"date":"2023-01-20T13:51:46","date_gmt":"2023-01-20T19:51:46","guid":{"rendered":"http:\/\/fge.oaxaca.gob.mx\/?post_type=noticias&amp;p=4838"},"modified":"2023-01-20T13:51:46","modified_gmt":"2023-01-20T19:51:46","slug":"ejecutan-orden-de-aprehension-por-tentativa-de-homicidio-delito-cometido-en-la-costa-de-oaxaca-fgeo","status":"publish","type":"noticias","link":"https:\/\/portal.fgeo.gob.mx\/index.php\/archivos\/noticias\/ejecutan-orden-de-aprehension-por-tentativa-de-homicidio-delito-cometido-en-la-costa-de-oaxaca-fgeo","title":{"rendered":"Ejecutan orden de aprehensi\u00f3n por tentativa de homicidio, delito cometido en la Costa de Oaxaca: FGEO"},"content":{"rendered":"<p style=\"font-weight: 400; text-align: justify;\"><strong>Oaxaca de Ju\u00e1rez, Oax., 20 de enero de 2023.-\u00a0<\/strong>La Fiscal\u00eda General del Estado de Oaxaca (FGEO) ejecut\u00f3 orden de aprehensi\u00f3n en contra de A.M.P., en cumplimiento al mandato judicial derivado de las investigaciones en torno a la comisi\u00f3n del delito de tentativa de homicidio, cometido en agravio de E.M.V., en la regi\u00f3n de la Costa.<\/p>\n<p style=\"font-weight: 400; text-align: justify;\">De acuerdo con el expediente penal 676\/2022, los hechos se registraron el 14 de octubre de 2022, cuando la v\u00edctima se encontraba sobre la calle 20 de Noviembre del barrio de la Cruz, perteneciente a San Gabriel Mixtepec, momento en que fue atacado con un cuchillo, agresi\u00f3n por la cual sufri\u00f3 lesiones en diferentes partes del cuerpo.<\/p>\n<p style=\"font-weight: 400; text-align: justify;\">Desde que tuvo conocimiento de este hecho, la FGEO -a trav\u00e9s de la Vicefiscal\u00eda Regional de la Costa- despleg\u00f3 a su personal multidisciplinario conformado por elementos de la Agencia Estatal de Investigaciones (AEI), agentes del Ministerio P\u00fablico y peritos de su Instituto de Servicios Periciales, que se realizaron las investigaciones.<\/p>\n<p style=\"font-weight: 400; text-align: justify;\">El trabajo de la Fiscal\u00eda permiti\u00f3 obtener las pruebas suficientes para que un Juez otorgara la orden de aprehensi\u00f3n que se ejecut\u00f3 en contra de A.M.P., quien inmediatamente despu\u00e9s fue turnado a las autoridades correspondientes para definir su situaci\u00f3n legal en las pr\u00f3ximas horas.<\/p>\n<p style=\"font-weight: 400; text-align: justify;\">La Fiscal\u00eda General garantiza el estado de derecho y reafirma su compromiso de hacer valer la Ley, presentando ante la justicia a quienes desestabilizan la paz social.<\/p>\n","protected":false},"author":1,"featured_media":3175,"comment_status":"closed","ping_status":"closed","template":"","tags":[],"categoria_noticias":[],"class_list":["post-15506","noticias","type-noticias","status-publish","has-post-thumbnail","hentry"],"acf":[],"mb":[],"mfb_rest_fields":["title","gutenberg_elementor_mode"],"_links":{"self":[{"href":"https:\/\/portal.fgeo.gob.mx\/index.php\/wp-json\/wp\/v2\/noticias\/15506","targetHints":{"allow":["GET"]}}],"collection":[{"href":"https:\/\/portal.fgeo.gob.mx\/index.php\/wp-json\/wp\/v2\/noticias"}],"about":[{"href":"https:\/\/portal.fgeo.gob.mx\/index.php\/wp-json\/wp\/v2\/types\/noticias"}],"author":[{"embeddable":true,"href":"https:\/\/portal.fgeo.gob.mx\/index.php\/wp-json\/wp\/v2\/users\/1"}],"replies":[{"embeddable":true,"href":"https:\/\/portal.fgeo.gob.mx\/index.php\/wp-json\/wp\/v2\/comments?post=15506"}],"wp:featuredmedia":[{"embeddable":true,"href":"https:\/\/portal.fgeo.gob.mx\/index.php\/wp-json\/"}],"wp:attachment":[{"href":"https:\/\/portal.fgeo.gob.mx\/index.php\/wp-json\/wp\/v2\/media?parent=15506"}],"wp:term":[{"taxonomy":"post_tag","embeddable":true,"href":"https:\/\/portal.fgeo.gob.mx\/index.php\/wp-json\/wp\/v2\/tags?post=15506"},{"taxonomy":"categoria_noticias","embeddable":true,"href":"https:\/\/portal.fgeo.gob.mx\/index.php\/wp-json\/wp\/v2\/categoria_noticias?post=15506"}],"curies":[{"name":"wp","href":"https:\/\/api.w.org\/{rel}","templated":true}]}}