{"id":15503,"date":"2023-01-18T12:49:11","date_gmt":"2023-01-18T18:49:11","guid":{"rendered":"http:\/\/fge.oaxaca.gob.mx\/?post_type=noticias&amp;p=4833"},"modified":"2023-01-18T12:49:11","modified_gmt":"2023-01-18T18:49:11","slug":"fiscalia-de-oaxaca-obtiene-vinculacion-a-proceso-contra-adolescente-imputado-por-parricidio-y-feminicidio-agravado-cometidos-en-xoxocotlan","status":"publish","type":"noticias","link":"https:\/\/portal.fgeo.gob.mx\/index.php\/archivos\/noticias\/fiscalia-de-oaxaca-obtiene-vinculacion-a-proceso-contra-adolescente-imputado-por-parricidio-y-feminicidio-agravado-cometidos-en-xoxocotlan","title":{"rendered":"Fiscal\u00eda de Oaxaca obtiene vinculaci\u00f3n a proceso contra adolescente imputado por Parricidio y Feminicidio Agravado cometidos en Xoxocotl\u00e1n"},"content":{"rendered":"<p style=\"font-weight: 400; text-align: justify;\"><strong>Oaxaca de Ju\u00e1rez, Oax., 18 de enero de 2023.-\u00a0<\/strong>La Fiscal\u00eda de Oaxaca obtuvo la vinculaci\u00f3n a proceso contra un adolescente (cuya identidad est\u00e1 reservada por Ley), imputado por la probable comisi\u00f3n de los delitos de Parricidio y Feminicidio Agravado en los que perdieron la vida tres personas (un hombre y dos mujeres), hechos ocurridos en el municipio de Santa Cruz Xoxocotl\u00e1n, en la regi\u00f3n de los Valles Centrales.<\/p>\n<p style=\"font-weight: 400; text-align: justify;\">De acuerdo con la carpeta de investigaci\u00f3n 899\/FADO\/2023, los hechos sucedieron durante la madrugada del 9 de enero del a\u00f1o en curso, dentro de un domicilio particular ubicado en la colonia La Soledad de Santa Cruz Xoxocotl\u00e1n.<\/p>\n<p style=\"font-weight: 400; text-align: justify;\">El imputado habr\u00eda disparado en contra de su padre, su madre y una de sus hermanas, quienes perdieron la vida luego de la agresi\u00f3n.<\/p>\n<p style=\"font-weight: 400; text-align: justify;\">Derivado de estos sucesos, la Fiscal\u00eda de Oaxaca atrajo las investigaciones, a trav\u00e9s de la Fiscal\u00eda Especializada en Justicia para Adolescentes, que despleg\u00f3 a su equipo multidisciplinario.<\/p>\n<p style=\"font-weight: 400; text-align: justify;\">La investigaci\u00f3n arroj\u00f3 elementos suficientes para establecer la probable autor\u00eda de los delitos antes citados, por lo que se ejecut\u00f3 la orden de aprehensi\u00f3n contra el adolescente.<\/p>\n<p style=\"font-weight: 400; text-align: justify;\">Ante las pruebas aportadas por la Fiscal\u00eda, el Juez Especializado dict\u00f3 vinculaci\u00f3n a proceso en contra del imputado por los delitos de Parricidio y Feminicidio Agravado, imponiendo la medida cautelar de internamiento preventivo y otorgando un plazo de 60 d\u00edas para cerrar la investigaci\u00f3n.<\/p>\n<p style=\"font-weight: 400; text-align: justify;\">La Fiscal\u00eda de Oaxaca investiga de manera especializada los casos en donde se ven involucradas personas adolescentes, para establecer la verdad de los hechos y procurar justicia para las v\u00edctimas.<\/p>\n","protected":false},"author":1,"featured_media":3175,"comment_status":"closed","ping_status":"closed","template":"","tags":[],"categoria_noticias":[],"class_list":["post-15503","noticias","type-noticias","status-publish","has-post-thumbnail","hentry"],"acf":[],"mb":[],"mfb_rest_fields":["title","gutenberg_elementor_mode"],"_links":{"self":[{"href":"https:\/\/portal.fgeo.gob.mx\/index.php\/wp-json\/wp\/v2\/noticias\/15503","targetHints":{"allow":["GET"]}}],"collection":[{"href":"https:\/\/portal.fgeo.gob.mx\/index.php\/wp-json\/wp\/v2\/noticias"}],"about":[{"href":"https:\/\/portal.fgeo.gob.mx\/index.php\/wp-json\/wp\/v2\/types\/noticias"}],"author":[{"embeddable":true,"href":"https:\/\/portal.fgeo.gob.mx\/index.php\/wp-json\/wp\/v2\/users\/1"}],"replies":[{"embeddable":true,"href":"https:\/\/portal.fgeo.gob.mx\/index.php\/wp-json\/wp\/v2\/comments?post=15503"}],"wp:featuredmedia":[{"embeddable":true,"href":"https:\/\/portal.fgeo.gob.mx\/index.php\/wp-json\/"}],"wp:attachment":[{"href":"https:\/\/portal.fgeo.gob.mx\/index.php\/wp-json\/wp\/v2\/media?parent=15503"}],"wp:term":[{"taxonomy":"post_tag","embeddable":true,"href":"https:\/\/portal.fgeo.gob.mx\/index.php\/wp-json\/wp\/v2\/tags?post=15503"},{"taxonomy":"categoria_noticias","embeddable":true,"href":"https:\/\/portal.fgeo.gob.mx\/index.php\/wp-json\/wp\/v2\/categoria_noticias?post=15503"}],"curies":[{"name":"wp","href":"https:\/\/api.w.org\/{rel}","templated":true}]}}