{"id":15502,"date":"2023-01-18T12:38:50","date_gmt":"2023-01-18T18:38:50","guid":{"rendered":"http:\/\/fge.oaxaca.gob.mx\/?post_type=noticias&amp;p=4832"},"modified":"2023-01-18T12:38:50","modified_gmt":"2023-01-18T18:38:50","slug":"queda-vinculado-a-proceso-hombre-imputado-por-abuso-sexual-agravado-fgeo","status":"publish","type":"noticias","link":"https:\/\/portal.fgeo.gob.mx\/index.php\/archivos\/noticias\/queda-vinculado-a-proceso-hombre-imputado-por-abuso-sexual-agravado-fgeo","title":{"rendered":"Queda vinculado a proceso hombre imputado por abuso sexual agravado: FGEO"},"content":{"rendered":"<p style=\"font-weight: 400; text-align: justify;\"><strong>Oaxaca de Ju\u00e1rez, Oax., 18 de enero de 2023.-\u00a0<\/strong>La Fiscal\u00eda General del Estado de Oaxaca (FGEO) obtuvo, del Juzgado de Control de San Pedro Pochutla, auto de vinculaci\u00f3n a proceso contra la persona del sexo masculino identificada como A.P.P., como probable responsable del delito de abuso sexual agravado cometido en agravio de una menor de edad.<\/p>\n<p style=\"font-weight: 400; text-align: justify;\">De acuerdo con la causa penal 675\/2022, los hechos tuvieron lugar el 17 de noviembre de 2022, cuando la v\u00edctima se encontraba en su domicilio ubicado en San Francisco Cozoaltepec, perteneciente a San Pedro Pochutla, lugar donde el imputado atac\u00f3 a la v\u00edctima, quien denunci\u00f3 penalmente.<\/p>\n<p style=\"font-weight: 400; text-align: justify;\">Desde que tuvo conocimiento de este hecho, la Vicefiscal\u00eda Regional de la Costa a trav\u00e9s de su personal multidisciplinario de elementos de la Agencia Estatal de Investigaciones (AEI), agentes del Ministerio P\u00fablico y peritos de su Instituto de Servicios Periciales, recabaron las pruebas necesarias que permitieron obtener la orden de aprehensi\u00f3n en contra de A. P. P. quien luego de ser detenido qued\u00f3 a disposici\u00f3n del Juez.<\/p>\n<p style=\"font-weight: 400; text-align: justify;\">En audiencia y tras validar los datos de prueba, el Juez de Control dict\u00f3 Auto de Vinculaci\u00f3n a proceso en contra de A.P.P., imponiendo la medida cautelar de prisi\u00f3n preventiva y otorgando tres meses para el cierre de investigaci\u00f3n complementaria.<\/p>\n<p style=\"font-weight: 400; text-align: justify;\">La Fiscal\u00eda General reitera en los hechos, su compromiso de llevar ante la Justicia a todo aquel que vulnere los derechos y la integridad de ni\u00f1as, ni\u00f1os, adolescentes y mujeres.<\/p>\n","protected":false},"author":1,"featured_media":3175,"comment_status":"closed","ping_status":"closed","template":"","tags":[],"categoria_noticias":[],"class_list":["post-15502","noticias","type-noticias","status-publish","has-post-thumbnail","hentry"],"acf":[],"mb":[],"mfb_rest_fields":["title","gutenberg_elementor_mode"],"_links":{"self":[{"href":"https:\/\/portal.fgeo.gob.mx\/index.php\/wp-json\/wp\/v2\/noticias\/15502","targetHints":{"allow":["GET"]}}],"collection":[{"href":"https:\/\/portal.fgeo.gob.mx\/index.php\/wp-json\/wp\/v2\/noticias"}],"about":[{"href":"https:\/\/portal.fgeo.gob.mx\/index.php\/wp-json\/wp\/v2\/types\/noticias"}],"author":[{"embeddable":true,"href":"https:\/\/portal.fgeo.gob.mx\/index.php\/wp-json\/wp\/v2\/users\/1"}],"replies":[{"embeddable":true,"href":"https:\/\/portal.fgeo.gob.mx\/index.php\/wp-json\/wp\/v2\/comments?post=15502"}],"wp:featuredmedia":[{"embeddable":true,"href":"https:\/\/portal.fgeo.gob.mx\/index.php\/wp-json\/"}],"wp:attachment":[{"href":"https:\/\/portal.fgeo.gob.mx\/index.php\/wp-json\/wp\/v2\/media?parent=15502"}],"wp:term":[{"taxonomy":"post_tag","embeddable":true,"href":"https:\/\/portal.fgeo.gob.mx\/index.php\/wp-json\/wp\/v2\/tags?post=15502"},{"taxonomy":"categoria_noticias","embeddable":true,"href":"https:\/\/portal.fgeo.gob.mx\/index.php\/wp-json\/wp\/v2\/categoria_noticias?post=15502"}],"curies":[{"name":"wp","href":"https:\/\/api.w.org\/{rel}","templated":true}]}}