{"id":15501,"date":"2023-01-17T13:38:21","date_gmt":"2023-01-17T19:38:21","guid":{"rendered":"http:\/\/fge.oaxaca.gob.mx\/?post_type=noticias&amp;p=4831"},"modified":"2023-01-17T13:38:21","modified_gmt":"2023-01-17T19:38:21","slug":"fiscalia-obtiene-vinculacion-a-proceso-contra-una-persona-por-el-delito-de-parricidio-cometido-en-la-canada","status":"publish","type":"noticias","link":"https:\/\/portal.fgeo.gob.mx\/index.php\/archivos\/noticias\/fiscalia-obtiene-vinculacion-a-proceso-contra-una-persona-por-el-delito-de-parricidio-cometido-en-la-canada","title":{"rendered":"Fiscal\u00eda obtiene vinculaci\u00f3n a proceso contra una persona por el delito de parricidio cometido en la Ca\u00f1ada"},"content":{"rendered":"<p style=\"font-weight: 400; text-align: justify;\"><strong>Oaxaca de Ju\u00e1rez, Oax., 17 de enero de 2023.-\u00a0<\/strong>La Fiscal\u00eda General del Estado de Oaxaca (FGEO) obtuvo, del Juzgado de Control, auto de vinculaci\u00f3n a proceso contra J.A.M.P., probable responsable del delito de parricidio en agravio de quien en vida respondi\u00f3 al nombre de J.B.M.B.<\/p>\n<p style=\"font-weight: 400; text-align: justify;\">De acuerdo con la causa penal 006\/2023, los hechos se registraron el 12 de enero del a\u00f1o en curso, en un domicilio localizado en la agencia de Santiago Dominguillo, Cuicatl\u00e1n, cuando el imputado J.A.M.P. atac\u00f3 con un machete a la v\u00edctima, infligiendo heridas que le provocaron la muerte.<\/p>\n<p style=\"font-weight: 400; text-align: justify;\">Desde que tuvo conocimiento de este hecho, la FGEO atrajo las investigaciones a trav\u00e9s de la Vicefiscal\u00eda de Control Regional que despleg\u00f3 a su personal multidisciplinario en el lugar y a trav\u00e9s de elementos de la Agencia Estatal de Investigaciones (AEI), agentes del Ministerio P\u00fablico y peritos de su Instituto de Servicios Periciales, se realizaron las primeras diligencias, logrando establecer la existencia de los hechos penalmente relevantes, constitutivos del delito de parricidio.<\/p>\n<p style=\"font-weight: 400; text-align: justify;\">Gracias a las investigaciones se logr\u00f3 obtener la orden de aprehensi\u00f3n y posterior captura de J.A. M. P. quien fue presentado ante el Juez.<\/p>\n<p style=\"font-weight: 400; text-align: justify;\">En audiencia y tras validar los datos de prueba proporcionados por la Fiscal\u00eda, el Juez en turno determin\u00f3 vincular a proceso a J.A.M.P., imponiendo la medida cautelar de prisi\u00f3n preventiva oficiosa y otorg\u00f3 cinco meses para el cierre de investigaci\u00f3n complementaria.<\/p>\n<p style=\"font-weight: 400; text-align: justify;\">La Fiscal\u00eda General garantiza el estado de derecho y reafirma su compromiso de hacer valer la Ley, presentando ante la justicia a quienes desestabilizan la paz social.<\/p>\n","protected":false},"author":1,"featured_media":3175,"comment_status":"closed","ping_status":"closed","template":"","tags":[],"categoria_noticias":[],"class_list":["post-15501","noticias","type-noticias","status-publish","has-post-thumbnail","hentry"],"acf":[],"mb":[],"mfb_rest_fields":["title","gutenberg_elementor_mode"],"_links":{"self":[{"href":"https:\/\/portal.fgeo.gob.mx\/index.php\/wp-json\/wp\/v2\/noticias\/15501","targetHints":{"allow":["GET"]}}],"collection":[{"href":"https:\/\/portal.fgeo.gob.mx\/index.php\/wp-json\/wp\/v2\/noticias"}],"about":[{"href":"https:\/\/portal.fgeo.gob.mx\/index.php\/wp-json\/wp\/v2\/types\/noticias"}],"author":[{"embeddable":true,"href":"https:\/\/portal.fgeo.gob.mx\/index.php\/wp-json\/wp\/v2\/users\/1"}],"replies":[{"embeddable":true,"href":"https:\/\/portal.fgeo.gob.mx\/index.php\/wp-json\/wp\/v2\/comments?post=15501"}],"wp:featuredmedia":[{"embeddable":true,"href":"https:\/\/portal.fgeo.gob.mx\/index.php\/wp-json\/"}],"wp:attachment":[{"href":"https:\/\/portal.fgeo.gob.mx\/index.php\/wp-json\/wp\/v2\/media?parent=15501"}],"wp:term":[{"taxonomy":"post_tag","embeddable":true,"href":"https:\/\/portal.fgeo.gob.mx\/index.php\/wp-json\/wp\/v2\/tags?post=15501"},{"taxonomy":"categoria_noticias","embeddable":true,"href":"https:\/\/portal.fgeo.gob.mx\/index.php\/wp-json\/wp\/v2\/categoria_noticias?post=15501"}],"curies":[{"name":"wp","href":"https:\/\/api.w.org\/{rel}","templated":true}]}}