{"id":15499,"date":"2023-01-16T13:44:34","date_gmt":"2023-01-16T19:44:34","guid":{"rendered":"http:\/\/fge.oaxaca.gob.mx\/?post_type=noticias&amp;p=4828"},"modified":"2023-01-16T13:44:34","modified_gmt":"2023-01-16T19:44:34","slug":"dos-personas-quedan-vinculadas-a-proceso-por-el-delito-de-secuestro-cometido-en-san-juan-guelavia-fiscalia-de-oaxaca","status":"publish","type":"noticias","link":"https:\/\/portal.fgeo.gob.mx\/index.php\/archivos\/noticias\/dos-personas-quedan-vinculadas-a-proceso-por-el-delito-de-secuestro-cometido-en-san-juan-guelavia-fiscalia-de-oaxaca","title":{"rendered":"Dos personas quedan vinculadas a proceso por el delito de secuestro cometido en San Juan Guelav\u00eda: Fiscal\u00eda de Oaxaca"},"content":{"rendered":"<p style=\"font-weight: 400; text-align: justify;\"><strong>Oaxaca de Ju\u00e1rez, Oax., 16 de enero de 2023.-\u00a0<\/strong>La Fiscal\u00eda de Oaxaca obtuvo vinculaci\u00f3n a proceso en contra de dos personas del sexo masculino identificadas por las iniciales D. G. L y S. G. L., quienes est\u00e1n imputados por el delito de secuestro agravado por hechos ocurridos en la regi\u00f3n de los Valles Centrales.<\/p>\n<p style=\"font-weight: 400; text-align: justify;\">Las v\u00edctimas (de quienes se omiten sus datos generales por mandato de la Ley) fueron secuestradas el pasado 7 de enero cuando se encontraban dentro de su domicilio ubicado en el municipio de San Juan Guelav\u00eda, perteneciente al Distrito de Tlacolula de Matamoros.<\/p>\n<p style=\"font-weight: 400; text-align: justify;\">La familia de la v\u00edctima recibi\u00f3 llamadas en las que exig\u00edan dinero para dejar en libertad a las v\u00edctimas.<\/p>\n<p style=\"font-weight: 400; text-align: justify;\">Gracias a la intervenci\u00f3n y trabajos de inteligencia de la Unidad Especializada en Combate al Secuestro (UECS) de la Fiscal\u00eda Especializada para la Atenci\u00f3n a Delitos de Alto Impacto fue posible localizar la casa de seguridad donde estaban las v\u00edctimas.<\/p>\n<p style=\"font-weight: 400; text-align: justify;\">Tras un operativo realizado, la tarde del 8 de enero, en el municipio de la Villa de Zaachila, se logr\u00f3 rescatar con vida a las dos v\u00edctimas (un hombre y una mujer), adem\u00e1s que fueron detenidos dos probables responsables de la comisi\u00f3n de este delito, quienes quedaron a disposici\u00f3n de las autoridades correspondientes.<\/p>\n<p style=\"font-weight: 400; text-align: justify;\">Luego del desahogo de la audiencia de t\u00e9rmino constitucional ampliado, el Juez de Control determin\u00f3 vincularlos a proceso por lo que impuso\u00a0 la medida cautelar de prisi\u00f3n preventiva en contra de los dos imputados y otorg\u00f3 seis meses de plazo para el cierre de investigaci\u00f3n complementaria.<\/p>\n<p style=\"font-weight: 400; text-align: justify;\">La investigaci\u00f3n especializada en delitos de alto impacto es una de las prioridades de la Fiscal\u00eda de Oaxaca, que pone a disposici\u00f3n todos los recursos necesarios para dar con los responsables de estas conductas criminales.<\/p>\n","protected":false},"author":1,"featured_media":3175,"comment_status":"closed","ping_status":"closed","template":"","tags":[],"categoria_noticias":[],"class_list":["post-15499","noticias","type-noticias","status-publish","has-post-thumbnail","hentry"],"acf":[],"mb":[],"mfb_rest_fields":["title","gutenberg_elementor_mode"],"_links":{"self":[{"href":"https:\/\/portal.fgeo.gob.mx\/index.php\/wp-json\/wp\/v2\/noticias\/15499","targetHints":{"allow":["GET"]}}],"collection":[{"href":"https:\/\/portal.fgeo.gob.mx\/index.php\/wp-json\/wp\/v2\/noticias"}],"about":[{"href":"https:\/\/portal.fgeo.gob.mx\/index.php\/wp-json\/wp\/v2\/types\/noticias"}],"author":[{"embeddable":true,"href":"https:\/\/portal.fgeo.gob.mx\/index.php\/wp-json\/wp\/v2\/users\/1"}],"replies":[{"embeddable":true,"href":"https:\/\/portal.fgeo.gob.mx\/index.php\/wp-json\/wp\/v2\/comments?post=15499"}],"wp:featuredmedia":[{"embeddable":true,"href":"https:\/\/portal.fgeo.gob.mx\/index.php\/wp-json\/"}],"wp:attachment":[{"href":"https:\/\/portal.fgeo.gob.mx\/index.php\/wp-json\/wp\/v2\/media?parent=15499"}],"wp:term":[{"taxonomy":"post_tag","embeddable":true,"href":"https:\/\/portal.fgeo.gob.mx\/index.php\/wp-json\/wp\/v2\/tags?post=15499"},{"taxonomy":"categoria_noticias","embeddable":true,"href":"https:\/\/portal.fgeo.gob.mx\/index.php\/wp-json\/wp\/v2\/categoria_noticias?post=15499"}],"curies":[{"name":"wp","href":"https:\/\/api.w.org\/{rel}","templated":true}]}}