{"id":15498,"date":"2023-01-16T13:28:08","date_gmt":"2023-01-16T19:28:08","guid":{"rendered":"http:\/\/fge.oaxaca.gob.mx\/?post_type=noticias&amp;p=4827"},"modified":"2023-01-16T13:28:08","modified_gmt":"2023-01-16T19:28:08","slug":"quedan-vinculados-a-proceso-tres-imputados-por-secuestro-agravado-fiscalia-de-oaxaca","status":"publish","type":"noticias","link":"https:\/\/portal.fgeo.gob.mx\/index.php\/archivos\/noticias\/quedan-vinculados-a-proceso-tres-imputados-por-secuestro-agravado-fiscalia-de-oaxaca","title":{"rendered":"Quedan vinculados a proceso tres imputados por secuestro agravado: Fiscal\u00eda de Oaxaca"},"content":{"rendered":"<p style=\"font-weight: 400; text-align: justify;\"><strong>Oaxaca de Ju\u00e1rez, Oax., 16 de enero de 2023.-\u00a0<\/strong>La Fiscal\u00eda General del Estado de Oaxaca (FGEO)\u00a0 obtuvo vinculaci\u00f3n a proceso en contra de A. M. M., M. G. M. y J. R. G. O, por su probable responsabilidad en la comisi\u00f3n del delito de secuestro agravado, en agravio de una persona del sexo femenino.<\/p>\n<p style=\"font-weight: 400; text-align: justify;\">En el expediente penal 06\/2023, consta que los hechos tuvieron lugar el 4 de enero del 2023, cuando la v\u00edctima, en compa\u00f1\u00eda de otras personas, circulaba sobre la carretera que va a la poblaci\u00f3n Camino de Yeso, San Jos\u00e9 Tenango, Teotitl\u00e1n de Flores Mag\u00f3n, cuando fue interceptada probablemente por los imputados quienes portaban armas de fuego y la privaron de la libertad.<\/p>\n<p style=\"font-weight: 400; text-align: justify;\">Familiares de la v\u00edctima recibieron mensajes en los que exig\u00edan dinero a cambio de la libertad de la secuestrada.<\/p>\n<p style=\"font-weight: 400; text-align: justify;\">Elementos de la Agencia Estatal de Investigaciones ejecutaron la orden de aprehensi\u00f3n en contra de A. M. M., M. G. M. y J. R. G. O, el pasado 7 de enero del a\u00f1o en curso.<\/p>\n<p style=\"font-weight: 400; text-align: justify;\">Derivado de las pruebas aportadas por las investigaciones realizadas por la Fiscal\u00eda Especializada para la Atenci\u00f3n a Delitos de Alto Impacto, el Juez que atiende la causa decidi\u00f3 vincular a proceso a los tres imputados a quienes dict\u00f3 prisi\u00f3n preventiva en su contra y otorg\u00f3 tres meses de plazo para el cierre de investigaci\u00f3n complementaria.<\/p>\n<p style=\"font-weight: 400; text-align: justify;\">Con estas acciones, la instituci\u00f3n estatal de procuraci\u00f3n de justicia reafirma su compromiso de sumar esfuerzos a fin de garantizar la seguridad y la paz social, adem\u00e1s del acceso pleno a la justicia.<\/p>\n","protected":false},"author":1,"featured_media":3175,"comment_status":"closed","ping_status":"closed","template":"","tags":[],"categoria_noticias":[],"class_list":["post-15498","noticias","type-noticias","status-publish","has-post-thumbnail","hentry"],"acf":[],"mb":[],"mfb_rest_fields":["title","gutenberg_elementor_mode"],"_links":{"self":[{"href":"https:\/\/portal.fgeo.gob.mx\/index.php\/wp-json\/wp\/v2\/noticias\/15498","targetHints":{"allow":["GET"]}}],"collection":[{"href":"https:\/\/portal.fgeo.gob.mx\/index.php\/wp-json\/wp\/v2\/noticias"}],"about":[{"href":"https:\/\/portal.fgeo.gob.mx\/index.php\/wp-json\/wp\/v2\/types\/noticias"}],"author":[{"embeddable":true,"href":"https:\/\/portal.fgeo.gob.mx\/index.php\/wp-json\/wp\/v2\/users\/1"}],"replies":[{"embeddable":true,"href":"https:\/\/portal.fgeo.gob.mx\/index.php\/wp-json\/wp\/v2\/comments?post=15498"}],"wp:featuredmedia":[{"embeddable":true,"href":"https:\/\/portal.fgeo.gob.mx\/index.php\/wp-json\/"}],"wp:attachment":[{"href":"https:\/\/portal.fgeo.gob.mx\/index.php\/wp-json\/wp\/v2\/media?parent=15498"}],"wp:term":[{"taxonomy":"post_tag","embeddable":true,"href":"https:\/\/portal.fgeo.gob.mx\/index.php\/wp-json\/wp\/v2\/tags?post=15498"},{"taxonomy":"categoria_noticias","embeddable":true,"href":"https:\/\/portal.fgeo.gob.mx\/index.php\/wp-json\/wp\/v2\/categoria_noticias?post=15498"}],"curies":[{"name":"wp","href":"https:\/\/api.w.org\/{rel}","templated":true}]}}