{"id":15497,"date":"2023-01-16T13:14:30","date_gmt":"2023-01-16T19:14:30","guid":{"rendered":"http:\/\/fge.oaxaca.gob.mx\/?post_type=noticias&amp;p=4826"},"modified":"2023-01-16T13:14:30","modified_gmt":"2023-01-16T19:14:30","slug":"fiscalia-aprehende-a-probable-responsable-del-delito-de-violacion-contra-una-persona-menor-de-edad-cometido-en-la-costa-de-oaxaca","status":"publish","type":"noticias","link":"https:\/\/portal.fgeo.gob.mx\/index.php\/archivos\/noticias\/fiscalia-aprehende-a-probable-responsable-del-delito-de-violacion-contra-una-persona-menor-de-edad-cometido-en-la-costa-de-oaxaca","title":{"rendered":"Fiscal\u00eda aprehende a probable responsable del delito de violaci\u00f3n contra una persona menor de edad, cometido en la Costa de Oaxaca"},"content":{"rendered":"<p style=\"font-weight: 400; text-align: justify;\"><strong>Oaxaca de Ju\u00e1rez, Oax., 16 de enero de 2023.-\u00a0<\/strong>La Fiscal\u00eda General del Estado de Oaxaca (FGEO) logr\u00f3 la detenci\u00f3n de J.P.S. o J.P.C., en cumplimiento a la orden de aprehensi\u00f3n que libr\u00f3 en su contra el Juez de\u00a0 Control con sede en Puerto Escondido, por su probable responsabilidad en la comisi\u00f3n del delito de violaci\u00f3n equiparada en agravio de un menor de edad.<\/p>\n<p style=\"font-weight: 400; text-align: justify;\">De acuerdo con el expediente penal 05\/2023, los hechos se registraron el 3 enero del presente a\u00f1o, cuando la v\u00edctima caminaba sobre calles del barrio San Antonio, de Santos Reyes Nopala, Juquila, de pronto fue interceptado por el imputado que lo atac\u00f3 sexualmente, motivo por el cual denunciaron los hechos.<\/p>\n<p style=\"font-weight: 400; text-align: justify;\">Desde que tuvo conocimiento de este hecho, la Vicefiscal\u00eda Regional de la Costa, a trav\u00e9s de su grupo multidisciplinario recabaron las pruebas necesarias que permitieron obtener la orden de aprehensi\u00f3n que fue ejecutada, por lo que el detenido qued\u00f3 a disposici\u00f3n del Juez.<\/p>\n<p style=\"font-weight: 400; text-align: justify;\">La Fiscal\u00eda General reitera en los hechos, su compromiso de llevar ante la Justicia a todo aquel que vulnere los derechos y la integridad de ni\u00f1as, ni\u00f1os, adolescentes y Mujeres.<\/p>\n","protected":false},"author":1,"featured_media":3175,"comment_status":"closed","ping_status":"closed","template":"","tags":[],"categoria_noticias":[],"class_list":["post-15497","noticias","type-noticias","status-publish","has-post-thumbnail","hentry"],"acf":[],"mb":[],"mfb_rest_fields":["title","gutenberg_elementor_mode"],"_links":{"self":[{"href":"https:\/\/portal.fgeo.gob.mx\/index.php\/wp-json\/wp\/v2\/noticias\/15497","targetHints":{"allow":["GET"]}}],"collection":[{"href":"https:\/\/portal.fgeo.gob.mx\/index.php\/wp-json\/wp\/v2\/noticias"}],"about":[{"href":"https:\/\/portal.fgeo.gob.mx\/index.php\/wp-json\/wp\/v2\/types\/noticias"}],"author":[{"embeddable":true,"href":"https:\/\/portal.fgeo.gob.mx\/index.php\/wp-json\/wp\/v2\/users\/1"}],"replies":[{"embeddable":true,"href":"https:\/\/portal.fgeo.gob.mx\/index.php\/wp-json\/wp\/v2\/comments?post=15497"}],"wp:featuredmedia":[{"embeddable":true,"href":"https:\/\/portal.fgeo.gob.mx\/index.php\/wp-json\/"}],"wp:attachment":[{"href":"https:\/\/portal.fgeo.gob.mx\/index.php\/wp-json\/wp\/v2\/media?parent=15497"}],"wp:term":[{"taxonomy":"post_tag","embeddable":true,"href":"https:\/\/portal.fgeo.gob.mx\/index.php\/wp-json\/wp\/v2\/tags?post=15497"},{"taxonomy":"categoria_noticias","embeddable":true,"href":"https:\/\/portal.fgeo.gob.mx\/index.php\/wp-json\/wp\/v2\/categoria_noticias?post=15497"}],"curies":[{"name":"wp","href":"https:\/\/api.w.org\/{rel}","templated":true}]}}