{"id":15496,"date":"2023-01-12T14:55:10","date_gmt":"2023-01-12T20:55:10","guid":{"rendered":"http:\/\/fge.oaxaca.gob.mx\/?post_type=noticias&amp;p=4825"},"modified":"2023-01-12T14:55:10","modified_gmt":"2023-01-12T20:55:10","slug":"fiscalia-de-oaxaca-ejecuta-orden-de-aprehension-contra-probable-responsable-de-parricidio-y-feminicidio-agravado-cometidos-en-xoxocotlan","status":"publish","type":"noticias","link":"https:\/\/portal.fgeo.gob.mx\/index.php\/archivos\/noticias\/fiscalia-de-oaxaca-ejecuta-orden-de-aprehension-contra-probable-responsable-de-parricidio-y-feminicidio-agravado-cometidos-en-xoxocotlan","title":{"rendered":"Fiscal\u00eda de Oaxaca ejecuta orden de aprehensi\u00f3n contra probable responsable de Parricidio y Feminicidio Agravado cometidos en Xoxocotl\u00e1n"},"content":{"rendered":"<p style=\"font-weight: 400; text-align: justify;\"><strong>Oaxaca de Ju\u00e1rez, Oax., 12 de enero de 2023.-\u00a0<\/strong>La Fiscal\u00eda de Oaxaca ejecut\u00f3 una orden de aprehensi\u00f3n en contra de un adolescente (cuya identidad est\u00e1 reservada por Ley) quien es el probable responsable en la comisi\u00f3n de los delitos de Parricidio y Feminicidio Agravado por los que perdieron la vida tres personas (un hombre y dos mujeres), hechos ocurridos en el municipio de Santa Cruz Xoxocotl\u00e1n, en la regi\u00f3n de los Valles Centrales.<\/p>\n<p style=\"font-weight: 400; text-align: justify;\">De acuerdo con la carpeta de investigaci\u00f3n 899\/FADO\/2023, los hechos ocurrieron durante la madrugada del 9 de enero del a\u00f1o en curso, dentro de un domicilio particular ubicado en la colonia La Soledad de Santa Cruz Xoxocotl\u00e1n.<\/p>\n<p style=\"font-weight: 400; text-align: justify;\">El probable responsable habr\u00eda disparado en contra de su padre, su madre y una de sus hermanas, quienes perdieron la vida luego de la agresi\u00f3n.<\/p>\n<p style=\"font-weight: 400; text-align: justify;\">Derivado de estos sucesos, la Fiscal\u00eda de Oaxaca atrajo las investigaciones\u00a0 a trav\u00e9s de la Fiscal\u00eda Especializada en Justicia para Adolescentes que despleg\u00f3 a su equipo multidisciplinario.<\/p>\n<p style=\"font-weight: 400; text-align: justify;\">La investigaci\u00f3n arroj\u00f3 elementos suficientes para establecer la probable autor\u00eda de los delitos antes citados, por lo que se ejecut\u00f3 la orden de aprehensi\u00f3n del adolescente.<\/p>\n<p style=\"font-weight: 400; text-align: justify;\">Como resultado de la primera audiencia, ante el Juez de control, el agente del Ministerio P\u00fablico Especializado, comunic\u00f3 al adolescente la imputaci\u00f3n de los hechos que se le atribuyen y solicit\u00f3 la vinculaci\u00f3n a proceso, por lo que la defensa del adolescente se acogi\u00f3 al t\u00e9rmino constitucional ampliado, se\u00f1alando el Juez de Control Especializado en Justicia para Adolescentes el 17 de enero de 2023, para la continuaci\u00f3n de la misma.<\/p>\n<p style=\"font-weight: 400; text-align: justify;\">En dicha audiencia, le fue impuesta al adolescente la medida cautelar de internamiento preventivo.<\/p>\n<p style=\"font-weight: 400; text-align: justify;\">La Fiscal\u00eda de Oaxaca investiga de manera especializada los casos en donde se ven involucradas personas adolescentes, para establecer la verdad de los hechos y procurar justicia para las v\u00edctimas.<\/p>\n","protected":false},"author":1,"featured_media":3175,"comment_status":"closed","ping_status":"closed","template":"","tags":[],"categoria_noticias":[],"class_list":["post-15496","noticias","type-noticias","status-publish","has-post-thumbnail","hentry"],"acf":[],"mb":[],"mfb_rest_fields":["title","gutenberg_elementor_mode"],"_links":{"self":[{"href":"https:\/\/portal.fgeo.gob.mx\/index.php\/wp-json\/wp\/v2\/noticias\/15496","targetHints":{"allow":["GET"]}}],"collection":[{"href":"https:\/\/portal.fgeo.gob.mx\/index.php\/wp-json\/wp\/v2\/noticias"}],"about":[{"href":"https:\/\/portal.fgeo.gob.mx\/index.php\/wp-json\/wp\/v2\/types\/noticias"}],"author":[{"embeddable":true,"href":"https:\/\/portal.fgeo.gob.mx\/index.php\/wp-json\/wp\/v2\/users\/1"}],"replies":[{"embeddable":true,"href":"https:\/\/portal.fgeo.gob.mx\/index.php\/wp-json\/wp\/v2\/comments?post=15496"}],"wp:featuredmedia":[{"embeddable":true,"href":"https:\/\/portal.fgeo.gob.mx\/index.php\/wp-json\/"}],"wp:attachment":[{"href":"https:\/\/portal.fgeo.gob.mx\/index.php\/wp-json\/wp\/v2\/media?parent=15496"}],"wp:term":[{"taxonomy":"post_tag","embeddable":true,"href":"https:\/\/portal.fgeo.gob.mx\/index.php\/wp-json\/wp\/v2\/tags?post=15496"},{"taxonomy":"categoria_noticias","embeddable":true,"href":"https:\/\/portal.fgeo.gob.mx\/index.php\/wp-json\/wp\/v2\/categoria_noticias?post=15496"}],"curies":[{"name":"wp","href":"https:\/\/api.w.org\/{rel}","templated":true}]}}