{"id":15495,"date":"2023-01-12T12:45:29","date_gmt":"2023-01-12T18:45:29","guid":{"rendered":"http:\/\/fge.oaxaca.gob.mx\/?post_type=noticias&amp;p=4824"},"modified":"2023-01-12T12:45:29","modified_gmt":"2023-01-12T18:45:29","slug":"quedan-imputados-y-en-prision-preventiva-dos-probables-secuestradores-de-guelavia","status":"publish","type":"noticias","link":"https:\/\/portal.fgeo.gob.mx\/index.php\/archivos\/noticias\/quedan-imputados-y-en-prision-preventiva-dos-probables-secuestradores-de-guelavia","title":{"rendered":"Quedan imputados y en prisi\u00f3n preventiva dos probables secuestradores de Guelav\u00eda"},"content":{"rendered":"<p style=\"font-weight: 400; text-align: justify;\"><strong>Oaxaca de Ju\u00e1rez, Oax., 12 de enero de 2023.-\u00a0<\/strong>La Fiscal\u00eda de Oaxaca imput\u00f3 el delito de secuestro agravado contra dos personas del sexo masculino identificadas por las iniciales D. G. L y S. G. L.,\u00a0 por hechos ocurridos en la regi\u00f3n de los Valles Centrales.<\/p>\n<p style=\"font-weight: 400; text-align: justify;\">Las v\u00edctimas (de quienes se omiten sus datos generales por mandato de la Ley) fueron secuestradas el pasado 7 de enero cuando se encontraban dentro de su domicilio ubicado en el municipio de San Juan Guelav\u00eda, perteneciente al Distrito de Tlacolula de Matamoros.<\/p>\n<p style=\"font-weight: 400; text-align: justify;\">La familia de la v\u00edctima recibi\u00f3 llamadas en las que exig\u00edan dinero para dejar en libertad a las v\u00edctimas.<\/p>\n<p style=\"font-weight: 400; text-align: justify;\">Gracias a la intervenci\u00f3n y trabajos de inteligencia de la Unidad Especializada en Combate al Secuestro (UECS) de la Fiscal\u00eda Especializada para la Atenci\u00f3n a Delitos de Alto Impacto fue posible localizar la casa de seguridad donde estaban las v\u00edctimas.<\/p>\n<p style=\"font-weight: 400; text-align: justify;\">Tras un operativo realizado, la tarde del 8 de enero, en el municipio de la Villa de Zaachila, se logr\u00f3 rescatar con vida a las dos v\u00edctimas (un hombre y una mujer), adem\u00e1s que fueron detenidos dos probables responsables de la comisi\u00f3n de este delito, quienes quedaron a disposici\u00f3n de las autoridades correspondientes.<\/p>\n<p style=\"font-weight: 400; text-align: justify;\">Luego del desahogo de la audiencia de control de detenci\u00f3n, comunicaci\u00f3n de imputaci\u00f3n y solicitud de vinculaci\u00f3n, los imputados se acogieron al t\u00e9rmino constitucional ampliado, por lo que el Juez de Control fij\u00f3 el 15 de enero como fecha para la continuaci\u00f3n de la misma.<\/p>\n<p style=\"font-weight: 400; text-align: justify;\">En tanto que, a los imputados les impusieron la medida cautelar de prisi\u00f3n preventiva provisional.<\/p>\n<p style=\"font-weight: 400; text-align: justify;\">La Fiscal\u00eda de Oaxaca realiza investigaciones especializadas y expeditas derivadas de la comisi\u00f3n de delitos de Alto Impacto para que las v\u00edctimas tengan acceso pleno a la justicia.<\/p>\n","protected":false},"author":1,"featured_media":3175,"comment_status":"closed","ping_status":"closed","template":"","tags":[],"categoria_noticias":[],"class_list":["post-15495","noticias","type-noticias","status-publish","has-post-thumbnail","hentry"],"acf":[],"mb":[],"mfb_rest_fields":["title","gutenberg_elementor_mode"],"_links":{"self":[{"href":"https:\/\/portal.fgeo.gob.mx\/index.php\/wp-json\/wp\/v2\/noticias\/15495","targetHints":{"allow":["GET"]}}],"collection":[{"href":"https:\/\/portal.fgeo.gob.mx\/index.php\/wp-json\/wp\/v2\/noticias"}],"about":[{"href":"https:\/\/portal.fgeo.gob.mx\/index.php\/wp-json\/wp\/v2\/types\/noticias"}],"author":[{"embeddable":true,"href":"https:\/\/portal.fgeo.gob.mx\/index.php\/wp-json\/wp\/v2\/users\/1"}],"replies":[{"embeddable":true,"href":"https:\/\/portal.fgeo.gob.mx\/index.php\/wp-json\/wp\/v2\/comments?post=15495"}],"wp:featuredmedia":[{"embeddable":true,"href":"https:\/\/portal.fgeo.gob.mx\/index.php\/wp-json\/"}],"wp:attachment":[{"href":"https:\/\/portal.fgeo.gob.mx\/index.php\/wp-json\/wp\/v2\/media?parent=15495"}],"wp:term":[{"taxonomy":"post_tag","embeddable":true,"href":"https:\/\/portal.fgeo.gob.mx\/index.php\/wp-json\/wp\/v2\/tags?post=15495"},{"taxonomy":"categoria_noticias","embeddable":true,"href":"https:\/\/portal.fgeo.gob.mx\/index.php\/wp-json\/wp\/v2\/categoria_noticias?post=15495"}],"curies":[{"name":"wp","href":"https:\/\/api.w.org\/{rel}","templated":true}]}}