{"id":15494,"date":"2023-01-12T12:21:12","date_gmt":"2023-01-12T18:21:12","guid":{"rendered":"http:\/\/fge.oaxaca.gob.mx\/?post_type=noticias&amp;p=4823"},"modified":"2023-01-12T12:21:12","modified_gmt":"2023-01-12T18:21:12","slug":"realiza-fiscalia-de-oaxaca-cateo-en-la-mixteca-aseguran-vehiculo-robado-y-arma-de-fuego","status":"publish","type":"noticias","link":"https:\/\/portal.fgeo.gob.mx\/index.php\/archivos\/noticias\/realiza-fiscalia-de-oaxaca-cateo-en-la-mixteca-aseguran-vehiculo-robado-y-arma-de-fuego","title":{"rendered":"Realiza Fiscal\u00eda de Oaxaca cateo en la Mixteca, aseguran veh\u00edculo robado y arma de fuego"},"content":{"rendered":"<p style=\"font-weight: 400; text-align: justify;\"><strong>Oaxaca de Ju\u00e1rez, Oax., 12 de enero de 2023.-\u00a0<\/strong>Como parte de la serie de acciones implementadas por la Fiscal\u00eda General del Estado de Oaxaca (FGEO), se realiz\u00f3 un cateo en la Regi\u00f3n de la Mixteca, lugar donde aseguraron un veh\u00edculo con reporte de robo y diferentes objetos que fueron puestos a disposici\u00f3n de la autoridad correspondiente.<\/p>\n<p style=\"font-weight: 400; text-align: justify;\">Derivado de las investigaciones realizadas por la Vicefiscal\u00eda Regional de la Mixteca entorno a la denuncia por el delito de robo de veh\u00edculo con violencia, cometido pasado 7 de enero del a\u00f1o en curso en la colonia Aviaci\u00f3n de Huajuapan de Le\u00f3n, lugar donde dos sujetos amagaron a la v\u00edctima con armas de fuego y la despojaron de una motocicleta.<\/p>\n<p style=\"font-weight: 400; text-align: justify;\">Posteriormente luego de que el Juez obsequi\u00f3 la orden de cateo se le dio cumplimiento a la misma en el citado domicilio por parte de elementos de la Agencia Estatal de Investigaciones, donde aseguraron una motoneta con reporte de robo, un arma de fuego y cartuchos \u00fatiles, as\u00ed como llaves de diferentes veh\u00edculos de motor y diferentes objetos que se integraron a la investigaci\u00f3n en curso.<\/p>\n<p style=\"font-weight: 400; text-align: justify;\">Todo lo asegurado de inmediato fue puesto a disposici\u00f3n de las autoridades especializadas en la materia.<\/p>\n<p style=\"font-weight: 400; text-align: justify;\">Con estas acciones, la Fiscal\u00eda de Oaxaca busca evitar la comisi\u00f3n de actos delictivos, los cuales flagelan el tejido social de la Mixteca.<\/p>\n","protected":false},"author":1,"featured_media":3175,"comment_status":"closed","ping_status":"closed","template":"","tags":[],"categoria_noticias":[],"class_list":["post-15494","noticias","type-noticias","status-publish","has-post-thumbnail","hentry"],"acf":[],"mb":[],"mfb_rest_fields":["title","gutenberg_elementor_mode"],"_links":{"self":[{"href":"https:\/\/portal.fgeo.gob.mx\/index.php\/wp-json\/wp\/v2\/noticias\/15494","targetHints":{"allow":["GET"]}}],"collection":[{"href":"https:\/\/portal.fgeo.gob.mx\/index.php\/wp-json\/wp\/v2\/noticias"}],"about":[{"href":"https:\/\/portal.fgeo.gob.mx\/index.php\/wp-json\/wp\/v2\/types\/noticias"}],"author":[{"embeddable":true,"href":"https:\/\/portal.fgeo.gob.mx\/index.php\/wp-json\/wp\/v2\/users\/1"}],"replies":[{"embeddable":true,"href":"https:\/\/portal.fgeo.gob.mx\/index.php\/wp-json\/wp\/v2\/comments?post=15494"}],"wp:featuredmedia":[{"embeddable":true,"href":"https:\/\/portal.fgeo.gob.mx\/index.php\/wp-json\/"}],"wp:attachment":[{"href":"https:\/\/portal.fgeo.gob.mx\/index.php\/wp-json\/wp\/v2\/media?parent=15494"}],"wp:term":[{"taxonomy":"post_tag","embeddable":true,"href":"https:\/\/portal.fgeo.gob.mx\/index.php\/wp-json\/wp\/v2\/tags?post=15494"},{"taxonomy":"categoria_noticias","embeddable":true,"href":"https:\/\/portal.fgeo.gob.mx\/index.php\/wp-json\/wp\/v2\/categoria_noticias?post=15494"}],"curies":[{"name":"wp","href":"https:\/\/api.w.org\/{rel}","templated":true}]}}