{"id":15493,"date":"2023-01-10T15:06:24","date_gmt":"2023-01-10T21:06:24","guid":{"rendered":"http:\/\/fge.oaxaca.gob.mx\/?post_type=noticias&amp;p=4821"},"modified":"2023-01-10T15:06:24","modified_gmt":"2023-01-10T21:06:24","slug":"fiscalia-de-oaxaca-aprehende-a-probables-responsables-de-secuestro-y-extorsion-cometidos-en-la-cuenca","status":"publish","type":"noticias","link":"https:\/\/portal.fgeo.gob.mx\/index.php\/archivos\/noticias\/fiscalia-de-oaxaca-aprehende-a-probables-responsables-de-secuestro-y-extorsion-cometidos-en-la-cuenca","title":{"rendered":"Fiscal\u00eda de Oaxaca aprehende a probables responsables de secuestro y extorsi\u00f3n cometidos en la Cuenca"},"content":{"rendered":"<p style=\"font-weight: 400; text-align: justify;\"><strong>Fiscal\u00eda de Oaxaca aprehende a probables responsables de secuestro y extorsi\u00f3n cometidos en la Cuenca<\/strong><\/p>\n<p style=\"font-weight: 400; text-align: justify;\"><strong>Oaxaca de Ju\u00e1rez, Oax., 10 de enero de 2023.-\u00a0<\/strong>La Fiscal\u00eda General del Estado de Oaxaca (FGEO) detuvo a J. M. M.\u00a0 y A. F. B., en cumplimiento a la orden de aprehensi\u00f3n que libr\u00f3 en su contra el Juez de Control, por su probable responsabilidad del delito de secuestro expr\u00e9s agravado y extorsi\u00f3n, cometido contra dos personas en la regi\u00f3n de la Cuenca del Papaloapan.<\/p>\n<p style=\"font-weight: 400; text-align: justify;\">En el expediente penal 06\/2023, constan los hechos que tuvieron lugar el 14 de septiembre de 2022, cuando los ofendidos recibieron mensajes de texto en los que exig\u00edan una fuerte suma de dinero para que no les causaran da\u00f1o a las v\u00edctimas y a sus familiares.<\/p>\n<p style=\"font-weight: 400; text-align: justify;\">Las v\u00edctimas acordaron pagar lo que ped\u00edan y acudieron a un punto de reuni\u00f3n, pero fueron subidos por la fuerza a un veh\u00edculo y llevados con rumbo desconocido, los despojaron de sus pertenec\u00edas y los amenazaron para que siguieran pag\u00e1ndoles pues en caso contrario estar\u00eda en riesgo su seguridad.<\/p>\n<p style=\"font-weight: 400; text-align: justify;\">Finalmente, las v\u00edctimas decidieron denunciar penalmente, por lo que tom\u00f3 conocimiento del caso la Fiscal\u00eda Especializada para la Atenci\u00f3n a Delitos de Alto Impacto que coordin\u00f3 las investigaciones alrededor del caso las cuales permitieron ejecutar la orden de aprehensi\u00f3n en contra de J. M. M.\u00a0 y A. F. B, llev\u00e1ndose a cabo el desahogo de la audiencia de control de detenci\u00f3n, comunicaci\u00f3n de imputaci\u00f3n y solicitud de vinculaci\u00f3n, en la cual la defensa y los imputados se acogieron al t\u00e9rmino constitucional ampliado, se\u00f1alando el Juez de Control el d\u00eda 13 de enero para la continuaci\u00f3n de la misma.<\/p>\n<p style=\"font-weight: 400; text-align: justify;\">En tanto que, a los imputados J. M. M.\u00a0 y A. F. B. se les impuso la medida cautelar de prisi\u00f3n preventiva provisional.<\/p>\n<p style=\"font-weight: 400; text-align: justify;\">Con estas acciones, la instituci\u00f3n estatal de procuraci\u00f3n de justicia reafirma su compromiso de sumar esfuerzos a fin de garantizar la seguridad y la paz social, adem\u00e1s del acceso pleno a la justicia.<\/p>\n","protected":false},"author":1,"featured_media":3175,"comment_status":"closed","ping_status":"closed","template":"","tags":[],"categoria_noticias":[],"class_list":["post-15493","noticias","type-noticias","status-publish","has-post-thumbnail","hentry"],"acf":[],"mb":[],"mfb_rest_fields":["title","gutenberg_elementor_mode"],"_links":{"self":[{"href":"https:\/\/portal.fgeo.gob.mx\/index.php\/wp-json\/wp\/v2\/noticias\/15493","targetHints":{"allow":["GET"]}}],"collection":[{"href":"https:\/\/portal.fgeo.gob.mx\/index.php\/wp-json\/wp\/v2\/noticias"}],"about":[{"href":"https:\/\/portal.fgeo.gob.mx\/index.php\/wp-json\/wp\/v2\/types\/noticias"}],"author":[{"embeddable":true,"href":"https:\/\/portal.fgeo.gob.mx\/index.php\/wp-json\/wp\/v2\/users\/1"}],"replies":[{"embeddable":true,"href":"https:\/\/portal.fgeo.gob.mx\/index.php\/wp-json\/wp\/v2\/comments?post=15493"}],"wp:featuredmedia":[{"embeddable":true,"href":"https:\/\/portal.fgeo.gob.mx\/index.php\/wp-json\/"}],"wp:attachment":[{"href":"https:\/\/portal.fgeo.gob.mx\/index.php\/wp-json\/wp\/v2\/media?parent=15493"}],"wp:term":[{"taxonomy":"post_tag","embeddable":true,"href":"https:\/\/portal.fgeo.gob.mx\/index.php\/wp-json\/wp\/v2\/tags?post=15493"},{"taxonomy":"categoria_noticias","embeddable":true,"href":"https:\/\/portal.fgeo.gob.mx\/index.php\/wp-json\/wp\/v2\/categoria_noticias?post=15493"}],"curies":[{"name":"wp","href":"https:\/\/api.w.org\/{rel}","templated":true}]}}