{"id":15492,"date":"2023-01-09T14:49:08","date_gmt":"2023-01-09T20:49:08","guid":{"rendered":"http:\/\/fge.oaxaca.gob.mx\/?post_type=noticias&amp;p=4820"},"modified":"2023-01-09T14:49:08","modified_gmt":"2023-01-09T20:49:08","slug":"rescata-fiscalia-de-oaxaca-a-dos-personas-secuestradas-en-guelavia-y-detiene-a-dos-probables-responsables","status":"publish","type":"noticias","link":"https:\/\/portal.fgeo.gob.mx\/index.php\/archivos\/noticias\/rescata-fiscalia-de-oaxaca-a-dos-personas-secuestradas-en-guelavia-y-detiene-a-dos-probables-responsables","title":{"rendered":"Rescata Fiscal\u00eda de Oaxaca a dos personas secuestradas en Guelav\u00eda y detiene a dos probables responsables"},"content":{"rendered":"<p style=\"font-weight: 400; text-align: justify;\"><strong>Oaxaca de Ju\u00e1rez, Oax., 9 de enero de 2023.-\u00a0<\/strong>La Fiscal\u00eda General del Estado de Oaxaca (FGEO) rescat\u00f3 con vida a dos personas que fueron v\u00edctima de secuestro y detuvo a otras dos, quienes son los probables responsables en la comisi\u00f3n de este delito ocurrido en la regi\u00f3n de los Valles Centrales.<\/p>\n<p style=\"font-weight: 400; text-align: justify;\">Las v\u00edctimas (de quienes se omiten sus datos generales por mandato de la Ley) fueron secuestradas el pasado 7 de enero cuando se encontraban dentro de su domicilio ubicado en el municipio de San Juan Guelav\u00eda, perteneciente al Distrito de Tlacolula de Matamoros.<\/p>\n<p style=\"font-weight: 400; text-align: justify;\">La familia de la v\u00edctima recibi\u00f3 llamadas en las que exig\u00edan dinero para dejar en libertad a las v\u00edctimas.<\/p>\n<p style=\"font-weight: 400; text-align: justify;\">Gracias la intervenci\u00f3n y trabajos de inteligencia de la Unidad Especializada en Combate al Secuestro (UECS) de la Fiscal\u00eda Especializada para la Atenci\u00f3n a Delitos de Alto Impacto fue posible localizar la casa de seguridad donde estaban las v\u00edctimas.<\/p>\n<p style=\"font-weight: 400; text-align: justify;\">Tras un operativo realizado, la tarde del 8 de enero, en el municipio de la Villa de Zaachila, se logr\u00f3 rescatar con vida a las dos v\u00edctimas (un hombre y una mujer), adem\u00e1s que fueron detenidos dos hombres, quienes son los probables responsables de la comisi\u00f3n de este delito, quienes ser\u00e1n puestos a disposici\u00f3n de las autoridades correspondientes para que determinen su situaci\u00f3n jur\u00eddica en las pr\u00f3ximas horas.<\/p>\n<p style=\"font-weight: 400; text-align: justify;\">Las labores de la Fiscal\u00eda de Oaxaca son para abonar a la paz social y que las v\u00edctimas directas e indirectas tengan acceso expedito a la justicia.<\/p>\n","protected":false},"author":1,"featured_media":3175,"comment_status":"closed","ping_status":"closed","template":"","tags":[],"categoria_noticias":[],"class_list":["post-15492","noticias","type-noticias","status-publish","has-post-thumbnail","hentry"],"acf":[],"mb":[],"mfb_rest_fields":["title","gutenberg_elementor_mode"],"_links":{"self":[{"href":"https:\/\/portal.fgeo.gob.mx\/index.php\/wp-json\/wp\/v2\/noticias\/15492","targetHints":{"allow":["GET"]}}],"collection":[{"href":"https:\/\/portal.fgeo.gob.mx\/index.php\/wp-json\/wp\/v2\/noticias"}],"about":[{"href":"https:\/\/portal.fgeo.gob.mx\/index.php\/wp-json\/wp\/v2\/types\/noticias"}],"author":[{"embeddable":true,"href":"https:\/\/portal.fgeo.gob.mx\/index.php\/wp-json\/wp\/v2\/users\/1"}],"replies":[{"embeddable":true,"href":"https:\/\/portal.fgeo.gob.mx\/index.php\/wp-json\/wp\/v2\/comments?post=15492"}],"wp:featuredmedia":[{"embeddable":true,"href":"https:\/\/portal.fgeo.gob.mx\/index.php\/wp-json\/"}],"wp:attachment":[{"href":"https:\/\/portal.fgeo.gob.mx\/index.php\/wp-json\/wp\/v2\/media?parent=15492"}],"wp:term":[{"taxonomy":"post_tag","embeddable":true,"href":"https:\/\/portal.fgeo.gob.mx\/index.php\/wp-json\/wp\/v2\/tags?post=15492"},{"taxonomy":"categoria_noticias","embeddable":true,"href":"https:\/\/portal.fgeo.gob.mx\/index.php\/wp-json\/wp\/v2\/categoria_noticias?post=15492"}],"curies":[{"name":"wp","href":"https:\/\/api.w.org\/{rel}","templated":true}]}}