{"id":15491,"date":"2023-01-09T12:01:21","date_gmt":"2023-01-09T18:01:21","guid":{"rendered":"http:\/\/fge.oaxaca.gob.mx\/?post_type=noticias&amp;p=4819"},"modified":"2023-01-09T12:01:21","modified_gmt":"2023-01-09T18:01:21","slug":"inicia-fiscalia-de-oaxaca-investigaciones-por-homicidio-de-tres-personas-cometido-en-xoxocotlan","status":"publish","type":"noticias","link":"https:\/\/portal.fgeo.gob.mx\/index.php\/archivos\/noticias\/inicia-fiscalia-de-oaxaca-investigaciones-por-homicidio-de-tres-personas-cometido-en-xoxocotlan","title":{"rendered":"Inicia Fiscal\u00eda de Oaxaca investigaciones por homicidio de tres personas cometido en Xoxocotl\u00e1n"},"content":{"rendered":"<p style=\"font-weight: 400;\"><strong>Oaxaca de Ju\u00e1rez, Oax., 9 de enero de 2023.-\u00a0<\/strong>La Fiscal\u00eda General del Estado de Oaxaca (FGEO) inici\u00f3 las investigaciones correspondientes luego del hallazgo de tres personas sin vida (dos mujeres y un hombre) dentro de un domicilio particular ubicado en el municipio de Santa Cruz Xoxocotl\u00e1n.<\/p>\n<p style=\"font-weight: 400;\">Luego de recibir el reporte policial, la FGEO tom\u00f3 conocimiento del caso la ma\u00f1ana de este lunes, a trav\u00e9s de la Fiscal\u00eda Especializada para la Atenci\u00f3n a Delitos de Alto Impacto e inici\u00f3 la carpeta de investigaci\u00f3n 899\/FDAI\/UEIH\/2023.<\/p>\n<p style=\"font-weight: 400;\">Adem\u00e1s, que se despleg\u00f3 al equipo multidisciplinario que acudi\u00f3 al lugar de los hechos para realizar las primeras indagatorias gracias a las cuales se estableci\u00f3 que las v\u00edctimas estaban dentro de un domicilio ubicado en la colonia la Soledad de Santa Cruz Xoxocotl\u00e1n y ocurrieron durante la madrugada de este 9 de enero de 2023.<\/p>\n<p style=\"font-weight: 400;\">A reserva de los resultados de los estudios periciales, se presume que las dos mujeres y el hombre que fueron encontrado sin vida, sufrieron una agresi\u00f3n con armas de fuego.<\/p>\n<p style=\"font-weight: 400;\">La Fiscal\u00eda de Oaxaca est\u00e1 comprometida con su labor de investigaci\u00f3n y procuraci\u00f3n de justicia para dar con el paradero de quien o quienes resulten responsables de este tipo de delitos que lastiman el tejido social.<\/p>\n","protected":false},"author":1,"featured_media":3175,"comment_status":"closed","ping_status":"closed","template":"","tags":[],"categoria_noticias":[],"class_list":["post-15491","noticias","type-noticias","status-publish","has-post-thumbnail","hentry"],"acf":[],"mb":[],"mfb_rest_fields":["title","gutenberg_elementor_mode"],"_links":{"self":[{"href":"https:\/\/portal.fgeo.gob.mx\/index.php\/wp-json\/wp\/v2\/noticias\/15491","targetHints":{"allow":["GET"]}}],"collection":[{"href":"https:\/\/portal.fgeo.gob.mx\/index.php\/wp-json\/wp\/v2\/noticias"}],"about":[{"href":"https:\/\/portal.fgeo.gob.mx\/index.php\/wp-json\/wp\/v2\/types\/noticias"}],"author":[{"embeddable":true,"href":"https:\/\/portal.fgeo.gob.mx\/index.php\/wp-json\/wp\/v2\/users\/1"}],"replies":[{"embeddable":true,"href":"https:\/\/portal.fgeo.gob.mx\/index.php\/wp-json\/wp\/v2\/comments?post=15491"}],"wp:featuredmedia":[{"embeddable":true,"href":"https:\/\/portal.fgeo.gob.mx\/index.php\/wp-json\/"}],"wp:attachment":[{"href":"https:\/\/portal.fgeo.gob.mx\/index.php\/wp-json\/wp\/v2\/media?parent=15491"}],"wp:term":[{"taxonomy":"post_tag","embeddable":true,"href":"https:\/\/portal.fgeo.gob.mx\/index.php\/wp-json\/wp\/v2\/tags?post=15491"},{"taxonomy":"categoria_noticias","embeddable":true,"href":"https:\/\/portal.fgeo.gob.mx\/index.php\/wp-json\/wp\/v2\/categoria_noticias?post=15491"}],"curies":[{"name":"wp","href":"https:\/\/api.w.org\/{rel}","templated":true}]}}