{"id":15490,"date":"2023-01-05T13:49:47","date_gmt":"2023-01-05T19:49:47","guid":{"rendered":"http:\/\/fge.oaxaca.gob.mx\/?post_type=noticias&amp;p=4816"},"modified":"2023-01-05T13:49:47","modified_gmt":"2023-01-05T19:49:47","slug":"fiscalia-de-oaxaca-logra-vinculacion-a-proceso-contra-probable-responsable-de-violacion-contra-una-adolescente","status":"publish","type":"noticias","link":"https:\/\/portal.fgeo.gob.mx\/index.php\/archivos\/noticias\/fiscalia-de-oaxaca-logra-vinculacion-a-proceso-contra-probable-responsable-de-violacion-contra-una-adolescente","title":{"rendered":"Fiscal\u00eda de Oaxaca logra vinculaci\u00f3n a proceso contra probable responsable de violaci\u00f3n contra una adolescente"},"content":{"rendered":"<p style=\"font-weight: 400; text-align: justify;\"><strong>Oaxaca de Ju\u00e1rez, Oax., 5 de enero de 2023.-\u00a0<\/strong>La Fiscal\u00eda General del Estado de Oaxaca (FGEO) obtuvo, del Juzgado de Control, auto de vinculaci\u00f3n a proceso contra la persona del sexo masculino identificada como J.H.R., probable responsable del delito de violaci\u00f3n agravada cometido en agravio de una adolescente.<\/p>\n<p style=\"font-weight: 400; text-align: justify;\">De acuerdo con la causa penal 134\/2022, los hechos se registraron en San Lorenzo El Zapote, Amoltepec, Sola de Vega, cuando el imputado agredi\u00f3 sexualmente a la v\u00edctima.<\/p>\n<p style=\"font-weight: 400; text-align: justify;\">Desde que tuvo conocimiento de este hecho, la FGEO a trav\u00e9s de la Vicefiscal\u00eda General de Control Regional que orden\u00f3 el despliegue de personal multidisciplinario conformado por elementos de la Agencia Estatal de Investigaciones (AEI), agentes del Ministerio P\u00fablico y peritos especializados, quienes recabaron las pruebas necesarias que permitieron la aprehensi\u00f3n del imputado quien posteriormente qued\u00f3 a disposici\u00f3n del Juez.<\/p>\n<p style=\"font-weight: 400; text-align: justify;\">En audiencia y tras validar los datos de prueba, el Juez de Control dict\u00f3 Auto de Vinculaci\u00f3n a proceso en contra de J. H.R., a quien impuso la medida cautelar de prisi\u00f3n preventiva oficiosa, otorgando dos meses para el cierre de investigaci\u00f3n complementaria.<\/p>\n<p style=\"font-weight: 400; text-align: justify;\">La Fiscal\u00eda General reitera en los hechos, su compromiso de llevar ante la Justicia a todo aquel que vulnere los derechos y la integridad de ni\u00f1as, ni\u00f1os, adolescentes y Mujeres.<\/p>\n","protected":false},"author":1,"featured_media":3175,"comment_status":"closed","ping_status":"closed","template":"","tags":[],"categoria_noticias":[],"class_list":["post-15490","noticias","type-noticias","status-publish","has-post-thumbnail","hentry"],"acf":[],"mb":[],"mfb_rest_fields":["title","gutenberg_elementor_mode"],"_links":{"self":[{"href":"https:\/\/portal.fgeo.gob.mx\/index.php\/wp-json\/wp\/v2\/noticias\/15490","targetHints":{"allow":["GET"]}}],"collection":[{"href":"https:\/\/portal.fgeo.gob.mx\/index.php\/wp-json\/wp\/v2\/noticias"}],"about":[{"href":"https:\/\/portal.fgeo.gob.mx\/index.php\/wp-json\/wp\/v2\/types\/noticias"}],"author":[{"embeddable":true,"href":"https:\/\/portal.fgeo.gob.mx\/index.php\/wp-json\/wp\/v2\/users\/1"}],"replies":[{"embeddable":true,"href":"https:\/\/portal.fgeo.gob.mx\/index.php\/wp-json\/wp\/v2\/comments?post=15490"}],"wp:featuredmedia":[{"embeddable":true,"href":"https:\/\/portal.fgeo.gob.mx\/index.php\/wp-json\/"}],"wp:attachment":[{"href":"https:\/\/portal.fgeo.gob.mx\/index.php\/wp-json\/wp\/v2\/media?parent=15490"}],"wp:term":[{"taxonomy":"post_tag","embeddable":true,"href":"https:\/\/portal.fgeo.gob.mx\/index.php\/wp-json\/wp\/v2\/tags?post=15490"},{"taxonomy":"categoria_noticias","embeddable":true,"href":"https:\/\/portal.fgeo.gob.mx\/index.php\/wp-json\/wp\/v2\/categoria_noticias?post=15490"}],"curies":[{"name":"wp","href":"https:\/\/api.w.org\/{rel}","templated":true}]}}