{"id":15489,"date":"2023-01-04T13:58:04","date_gmt":"2023-01-04T19:58:04","guid":{"rendered":"http:\/\/fge.oaxaca.gob.mx\/?post_type=noticias&amp;p=4815"},"modified":"2023-01-04T13:58:04","modified_gmt":"2023-01-04T19:58:04","slug":"queda-vinculado-a-proceso-presunto-homicida-de-la-costa-fiscalia-de-oaxaca","status":"publish","type":"noticias","link":"https:\/\/portal.fgeo.gob.mx\/index.php\/archivos\/noticias\/queda-vinculado-a-proceso-presunto-homicida-de-la-costa-fiscalia-de-oaxaca","title":{"rendered":"Queda vinculado a proceso presunto homicida de la Costa: Fiscal\u00eda de Oaxaca"},"content":{"rendered":"<p style=\"font-weight: 400; text-align: justify;\"><strong>Oaxaca de Ju\u00e1rez, Oax., 4 de enero de 2023.-\u00a0<\/strong>La Fiscal\u00eda General del Estado de Oaxaca (FGEO) obtuvo, del Juzgado de Control, auto de vinculaci\u00f3n a proceso contra la persona del sexo masculino identificada como C. A. G. M., probable responsable del delito de homicidio calificado cometido en agravio de quien en vida respondi\u00f3 al nombre de C. D. V. L.<\/p>\n<p style=\"font-weight: 400; text-align: justify;\">De acuerdo con la causa penal 376\/2021, los hechos se registraron el 27 de abril de 2021, sobre la carretera federal 200, a la altura de la colonia Aviaci\u00f3n de Pinotepa Nacional, cuando la v\u00edctima atend\u00eda en una taquer\u00eda, de pronto llegaron al menos dos personas, entre las que presumiblemente se encontraba el imputado, quienes portaban armas de fuero y dispararon en contra de C. D. V. L., provoc\u00e1ndole la muerte.<\/p>\n<p style=\"font-weight: 400; text-align: justify;\">Desde que tuvo conocimiento de este hecho, la FGEO despleg\u00f3 a su personal multidisciplinario a trav\u00e9s de la Vicefiscal\u00eda Regional de la Costa, por lo que acudieron elementos de la Agencia Estatal de Investigaciones (AEI), agentes del Ministerio P\u00fablico y peritos de su Instituto de Servicios Periciales, quienes realizaron las primeras diligencias.<\/p>\n<p style=\"font-weight: 400; text-align: justify;\">En audiencia y tras validar los datos de prueba proporcionados por la Fiscal\u00eda, el Juez en turno determin\u00f3 vincular a proceso a C. A. G. M. imponiendo la medida cautelar de prisi\u00f3n preventiva oficiosa y otorg\u00f3 un mes para el cierre de investigaci\u00f3n complementaria.<\/p>\n<p style=\"font-weight: 400; text-align: justify;\">La Fiscal\u00eda General garantiza el estado de derecho y reafirma su compromiso de hacer valer la Ley, presentando ante la justicia a quienes desestabilizan la paz social.<\/p>\n","protected":false},"author":1,"featured_media":3175,"comment_status":"closed","ping_status":"closed","template":"","tags":[],"categoria_noticias":[],"class_list":["post-15489","noticias","type-noticias","status-publish","has-post-thumbnail","hentry"],"acf":[],"mb":[],"mfb_rest_fields":["title","gutenberg_elementor_mode"],"_links":{"self":[{"href":"https:\/\/portal.fgeo.gob.mx\/index.php\/wp-json\/wp\/v2\/noticias\/15489","targetHints":{"allow":["GET"]}}],"collection":[{"href":"https:\/\/portal.fgeo.gob.mx\/index.php\/wp-json\/wp\/v2\/noticias"}],"about":[{"href":"https:\/\/portal.fgeo.gob.mx\/index.php\/wp-json\/wp\/v2\/types\/noticias"}],"author":[{"embeddable":true,"href":"https:\/\/portal.fgeo.gob.mx\/index.php\/wp-json\/wp\/v2\/users\/1"}],"replies":[{"embeddable":true,"href":"https:\/\/portal.fgeo.gob.mx\/index.php\/wp-json\/wp\/v2\/comments?post=15489"}],"wp:featuredmedia":[{"embeddable":true,"href":"https:\/\/portal.fgeo.gob.mx\/index.php\/wp-json\/"}],"wp:attachment":[{"href":"https:\/\/portal.fgeo.gob.mx\/index.php\/wp-json\/wp\/v2\/media?parent=15489"}],"wp:term":[{"taxonomy":"post_tag","embeddable":true,"href":"https:\/\/portal.fgeo.gob.mx\/index.php\/wp-json\/wp\/v2\/tags?post=15489"},{"taxonomy":"categoria_noticias","embeddable":true,"href":"https:\/\/portal.fgeo.gob.mx\/index.php\/wp-json\/wp\/v2\/categoria_noticias?post=15489"}],"curies":[{"name":"wp","href":"https:\/\/api.w.org\/{rel}","templated":true}]}}