{"id":15487,"date":"2023-01-03T14:20:30","date_gmt":"2023-01-03T20:20:30","guid":{"rendered":"http:\/\/fge.oaxaca.gob.mx\/?post_type=noticias&amp;p=4813"},"modified":"2023-01-03T14:20:30","modified_gmt":"2023-01-03T20:20:30","slug":"investiga-fiscalia-de-oaxaca-incendio-ocurrido-en-el-istmo-en-el-que-cinco-personas-resultaron-lesionadas","status":"publish","type":"noticias","link":"https:\/\/portal.fgeo.gob.mx\/index.php\/archivos\/noticias\/investiga-fiscalia-de-oaxaca-incendio-ocurrido-en-el-istmo-en-el-que-cinco-personas-resultaron-lesionadas","title":{"rendered":"Investiga Fiscal\u00eda de Oaxaca incendio ocurrido en el Istmo en el que cinco personas resultaron lesionadas"},"content":{"rendered":"<ul>\n<li style=\"font-weight: 400; text-align: justify;\"><em>Se brinda atenci\u00f3n integral a las v\u00edctimas directas e indirectas a nivel psicol\u00f3gico y se facilitan las labores para la atenci\u00f3n m\u00e9dica especializada<\/em><\/li>\n<\/ul>\n<p style=\"font-weight: 400; text-align: justify;\">Oaxaca de Ju\u00e1rez, Oax., 3 de enero de 2023.- La Fiscal\u00eda General del Estado de Oaxaca (FGEO) inici\u00f3 la carpeta de investigaci\u00f3n 200\/FIST\/FMUJ-TEHUANTEPEC\/2023 por el delito de Tentativa de Feminicidio, luego de un incendio ocurrido en Mat\u00edas Romero, en el Istmo de Tehuantepec, adem\u00e1s que se brinda atenci\u00f3n integral a las v\u00edctimas para su atenci\u00f3n m\u00e9dica y psicol\u00f3gica.<\/p>\n<p style=\"font-weight: 400; text-align: justify;\">Los hechos ocurrieron la madrugada de este martes 3 de enero de 20223, en un domicilio particular de la colonia Justo Sierra, en Mat\u00edas Romero, donde los vecinos reportaron un incendio.<\/p>\n<p style=\"font-weight: 400; text-align: justify;\">La Vicefiscal\u00eda Regional del Istmo atrajo el caso bajo el Protocolo Ministerial, Policial y Pericial del Delito de Feminicidio en el Estado de Oaxaca y se estableci\u00f3 que cinco personas resultaron con lesiones por las quemaduras que sufrieron, se trata de un hombre y dos mujeres adultas, as\u00ed como de dos ni\u00f1as, quienes ya reciben atenci\u00f3n m\u00e9dica especializada.<\/p>\n<p style=\"font-weight: 400; text-align: justify;\">En tanto que al lugar arribaron elementos de la Agencia Estatal de Investigaciones, as\u00ed como un equipo multidisciplinario para determinar las causas del siniestro y saber si el fuego fue provocado intencionalmente o se trat\u00f3 de un accidente.<\/p>\n<p style=\"font-weight: 400; text-align: justify;\">Mientras que personal de la Vicefiscal\u00eda General de Atenci\u00f3n a V\u00edctimas y a la Sociedad, brinda acompa\u00f1amiento psicol\u00f3gico, contenci\u00f3n emocional e intervenci\u00f3n en crisis a las v\u00edctimas indirectas (familiares) en diversas diligencias ante el Ministerio P\u00fablico, asimismo se valoran otras necesidades inmediatas derivadas del hecho para proporcionar la atenci\u00f3n correspondiente.<\/p>\n<p style=\"font-weight: 400; text-align: justify;\">La Fiscal\u00eda de Oaxaca se compromete a investigar minuciosamente los casos para establecer la verdadera mec\u00e1nica de los hechos con la determinaci\u00f3n de saber si existe responsabilidad alguna a cualquier nivel.<\/p>\n","protected":false},"author":1,"featured_media":3175,"comment_status":"closed","ping_status":"closed","template":"","tags":[],"categoria_noticias":[],"class_list":["post-15487","noticias","type-noticias","status-publish","has-post-thumbnail","hentry"],"acf":[],"mb":[],"mfb_rest_fields":["title","gutenberg_elementor_mode"],"_links":{"self":[{"href":"https:\/\/portal.fgeo.gob.mx\/index.php\/wp-json\/wp\/v2\/noticias\/15487","targetHints":{"allow":["GET"]}}],"collection":[{"href":"https:\/\/portal.fgeo.gob.mx\/index.php\/wp-json\/wp\/v2\/noticias"}],"about":[{"href":"https:\/\/portal.fgeo.gob.mx\/index.php\/wp-json\/wp\/v2\/types\/noticias"}],"author":[{"embeddable":true,"href":"https:\/\/portal.fgeo.gob.mx\/index.php\/wp-json\/wp\/v2\/users\/1"}],"replies":[{"embeddable":true,"href":"https:\/\/portal.fgeo.gob.mx\/index.php\/wp-json\/wp\/v2\/comments?post=15487"}],"wp:featuredmedia":[{"embeddable":true,"href":"https:\/\/portal.fgeo.gob.mx\/index.php\/wp-json\/"}],"wp:attachment":[{"href":"https:\/\/portal.fgeo.gob.mx\/index.php\/wp-json\/wp\/v2\/media?parent=15487"}],"wp:term":[{"taxonomy":"post_tag","embeddable":true,"href":"https:\/\/portal.fgeo.gob.mx\/index.php\/wp-json\/wp\/v2\/tags?post=15487"},{"taxonomy":"categoria_noticias","embeddable":true,"href":"https:\/\/portal.fgeo.gob.mx\/index.php\/wp-json\/wp\/v2\/categoria_noticias?post=15487"}],"curies":[{"name":"wp","href":"https:\/\/api.w.org\/{rel}","templated":true}]}}