{"id":15485,"date":"2023-01-03T12:37:21","date_gmt":"2023-01-03T18:37:21","guid":{"rendered":"http:\/\/fge.oaxaca.gob.mx\/?post_type=noticias&amp;p=4811"},"modified":"2023-01-03T12:37:21","modified_gmt":"2023-01-03T18:37:21","slug":"obtiene-fgeo-fallo-condenatorio-contra-dos-responsables-del-delito-de-secuestro-agravado-cometido-en-tlalixtac-de-cabrera-oaxaca","status":"publish","type":"noticias","link":"https:\/\/portal.fgeo.gob.mx\/index.php\/archivos\/noticias\/obtiene-fgeo-fallo-condenatorio-contra-dos-responsables-del-delito-de-secuestro-agravado-cometido-en-tlalixtac-de-cabrera-oaxaca","title":{"rendered":"Obtiene FGEO fallo condenatorio contra dos responsables del delito de secuestro agravado cometido en Tlalixtac de Cabrera, Oaxaca"},"content":{"rendered":"<p style=\"font-weight: 400; text-align: justify;\">Oaxaca de Ju\u00e1rez, Oax., 2 de enero de 2023.- Como resultado de un trabajo interdisciplinario\u00a0de la Fiscal\u00eda General del Estado de Oaxaca (FGEO), se obtuvo fallo condenatorio contra U.G.M. y O.L.L., responsables del delito de secuestro agravado, cometido en contra de una persona de identidad reservada, hechos ocurridos en Tlalixtac de Cabrera, en la regi\u00f3n de los Valles Centrales.<\/p>\n<p style=\"font-weight: 400; text-align: justify;\">De acuerdo con el expediente penal 642\/2020, los hechos tuvieron lugar el 24 de agosto del 2020, cuando la v\u00edctima viajaba a bordo de un autom\u00f3vil en inmediaciones del barrio La Trinidad Cuarta Secci\u00f3n, de\u00a0 Tlalixtac de Cabrera; de pronto fue interceptado por los ahora sentenciados quienes lo amagaron con armas de fuego y, por la fuerza, lo subieron a otra unidad de motor y se lo llevaron.<\/p>\n<p style=\"font-weight: 400; text-align: justify;\">Momentos despu\u00e9s, familiares de la v\u00edctima recibieron llamadas telef\u00f3nicas, mediante las cuales solicitaban dinero en efectivo a cambio de la liberaci\u00f3n de la v\u00edctima.<\/p>\n<p style=\"font-weight: 400; text-align: justify;\">El 28 de agosto de 2020, mediante un operativo implementado por elementos de la Agencia Estatal de Investigaciones adscritos a la Unidad Especializada en el Combate al Secuestro, lograron la liberaci\u00f3n con vida de la v\u00edctima, a quien resguardaban en un domicilio ubicado en San Sebasti\u00e1n Tutla.<\/p>\n<p style=\"font-weight: 400; text-align: justify;\">Por estos hechos, la instituci\u00f3n de procuraci\u00f3n de justicia inici\u00f3 una exhaustiva y diligente investigaci\u00f3n a trav\u00e9s de la\u00a0 Fiscal\u00eda Especializada para la Atenci\u00f3n de Delitos de Alto Impacto, logrando presentar a U.G.M. y O.L.L. ante el juez de la causa quien posteriormente decidi\u00f3 vincularlos a proceso.<\/p>\n<p style=\"font-weight: 400; text-align: justify;\">Posteriormente, en audiencia, el Tribunal de Enjuiciamiento dict\u00f3 fallo condenatorio en contra de los dos responsables, cuya lectura de sentencia se llevar\u00e1 a cabo el pr\u00f3ximo 4 de enero del a\u00f1o en curso, para la individualizaci\u00f3n de la pena.<\/p>\n<p style=\"font-weight: 400; text-align: justify;\">En delitos de alto impacto, la Fiscal\u00eda General compromete investigaciones exhaustivas, a fin de garantizar justicia y aplicar todo el rigor de la ley a quienes resulten responsables.<\/p>\n","protected":false},"author":1,"featured_media":3175,"comment_status":"closed","ping_status":"closed","template":"","tags":[],"categoria_noticias":[],"class_list":["post-15485","noticias","type-noticias","status-publish","has-post-thumbnail","hentry"],"acf":[],"mb":[],"mfb_rest_fields":["title","gutenberg_elementor_mode"],"_links":{"self":[{"href":"https:\/\/portal.fgeo.gob.mx\/index.php\/wp-json\/wp\/v2\/noticias\/15485","targetHints":{"allow":["GET"]}}],"collection":[{"href":"https:\/\/portal.fgeo.gob.mx\/index.php\/wp-json\/wp\/v2\/noticias"}],"about":[{"href":"https:\/\/portal.fgeo.gob.mx\/index.php\/wp-json\/wp\/v2\/types\/noticias"}],"author":[{"embeddable":true,"href":"https:\/\/portal.fgeo.gob.mx\/index.php\/wp-json\/wp\/v2\/users\/1"}],"replies":[{"embeddable":true,"href":"https:\/\/portal.fgeo.gob.mx\/index.php\/wp-json\/wp\/v2\/comments?post=15485"}],"wp:featuredmedia":[{"embeddable":true,"href":"https:\/\/portal.fgeo.gob.mx\/index.php\/wp-json\/"}],"wp:attachment":[{"href":"https:\/\/portal.fgeo.gob.mx\/index.php\/wp-json\/wp\/v2\/media?parent=15485"}],"wp:term":[{"taxonomy":"post_tag","embeddable":true,"href":"https:\/\/portal.fgeo.gob.mx\/index.php\/wp-json\/wp\/v2\/tags?post=15485"},{"taxonomy":"categoria_noticias","embeddable":true,"href":"https:\/\/portal.fgeo.gob.mx\/index.php\/wp-json\/wp\/v2\/categoria_noticias?post=15485"}],"curies":[{"name":"wp","href":"https:\/\/api.w.org\/{rel}","templated":true}]}}